{"id":24274,"date":"2026-09-03T09:50:18","date_gmt":"2026-09-03T09:50:18","guid":{"rendered":"https:\/\/www.karamantoki.com\/index.php\/2026\/09\/03\/ekonomist-belgin-mavis-faiz-beklentisini-acikladi\/"},"modified":"2026-09-03T09:50:18","modified_gmt":"2026-09-03T09:50:18","slug":"ekonomist-belgin-mavis-faiz-beklentisini-acikladi","status":"publish","type":"post","link":"https:\/\/www.karamantoki.com\/index.php\/2026\/09\/03\/ekonomist-belgin-mavis-faiz-beklentisini-acikladi\/","title":{"rendered":"Ekonomist Belgin Mavi\u015f faiz beklentisini a\u00e7\u0131klad\u0131"},"content":{"rendered":"<p>Haberler.com ekranlar\u0131nda canl\u0131 yay\u0131nlanan &#8216;Serpin Alparslan ile Rotam\u0131z Ekonomi&#8217; program\u0131na konuk olan ekonomist Belgin Mavi\u015f, a\u011fustos ay\u0131 enflasyon rakamlar\u0131, petrol fiyatlar\u0131, faiz politikas\u0131 ve Orta Vadeli Program&#8217;a ili\u015fkin de\u011ferlendirmelerde bulundu. Mavi\u015f, &#8220;Ben merkezden 10 Eyl\u00fcl&#8217;deki toplant\u0131da bir de\u011fi\u015fim beklemiyorum&#8221; diyerek Merkez Bankas\u0131&#8217;n\u0131n eyl\u00fcl toplant\u0131s\u0131nda politika faizini sabit tutmas\u0131n\u0131 bekledi\u011fini s\u00f6yledi.<\/p>\n","protected":false},"excerpt":{"rendered":"<p>Haberler.com ekranlar\u0131nda canl\u0131 yay\u0131nlanan &#8216;Serpin Alparslan ile Rotam\u0131z Ekonomi&#8217; program\u0131na konuk olan ekonomist Belgin Mavi\u015f, a\u011fustos ay\u0131 enflasyon rakamlar\u0131, petrol fiyatlar\u0131, faiz politikas\u0131 ve Orta Vadeli Program&#8217;a ili\u015fkin de\u011ferlendirmelerde bulundu. Mavi\u015f, &#8220;Ben merkezden 10 Eyl\u00fcl&#8217;deki toplant\u0131da bir de\u011fi\u015fim beklemiyorum&#8221; diyerek Merkez Bankas\u0131&#8217;n\u0131n eyl\u00fcl toplant\u0131s\u0131nda politika faizini sabit tutmas\u0131n\u0131 bekledi\u011fini s\u00f6yledi.<\/p>\n","protected":false},"author":1,"featured_media":0,"comment_status":"open","ping_status":"open","sticky":false,"template":"","format":"standard","meta":{"_joinchat":[],"footnotes":""},"categories":[1],"tags":[],"class_list":["post-24274","post","type-post","status-publish","format-standard","category-toki"],"_links":{"self":[{"href":"https:\/\/www.karamantoki.com\/index.php\/wp-json\/wp\/v2\/posts\/24274","targetHints":{"allow":["GET"]}}],"collection":[{"href":"https:\/\/www.karamantoki.com\/index.php\/wp-json\/wp\/v2\/posts"}],"about":[{"href":"https:\/\/www.karamantoki.com\/index.php\/wp-json\/wp\/v2\/types\/post"}],"author":[{"embeddable":true,"href":"https:\/\/www.karamantoki.com\/index.php\/wp-json\/wp\/v2\/users\/1"}],"replies":[{"embeddable":true,"href":"https:\/\/www.karamantoki.com\/index.php\/wp-json\/wp\/v2\/comments?post=24274"}],"version-history":[{"count":0,"href":"https:\/\/www.karamantoki.com\/index.php\/wp-json\/wp\/v2\/posts\/24274\/revisions"}],"wp:attachment":[{"href":"https:\/\/www.karamantoki.com\/index.php\/wp-json\/wp\/v2\/media?parent=24274"}],"wp:term":[{"taxonomy":"category","embeddable":true,"href":"https:\/\/www.karamantoki.com\/index.php\/wp-json\/wp\/v2\/categories?post=24274"},{"taxonomy":"post_tag","embeddable":true,"href":"https:\/\/www.karamantoki.com\/index.php\/wp-json\/wp\/v2\/tags?post=24274"}],"curies":[{"name":"wp","href":"https:\/\/api.w.org\/{rel}","templated":true}]}}