{"id":24268,"date":"2026-09-03T09:02:50","date_gmt":"2026-09-03T09:02:50","guid":{"rendered":"https:\/\/www.karamantoki.com\/index.php\/2026\/09\/03\/eylul-ayi-kira-artis-orani-belli-oldu-ev-sahipleri-yuzde-kac-zam-yapabilecek-iste-ornek-hesaplama\/"},"modified":"2026-09-03T09:02:50","modified_gmt":"2026-09-03T09:02:50","slug":"eylul-ayi-kira-artis-orani-belli-oldu-ev-sahipleri-yuzde-kac-zam-yapabilecek-iste-ornek-hesaplama","status":"publish","type":"post","link":"https:\/\/www.karamantoki.com\/index.php\/2026\/09\/03\/eylul-ayi-kira-artis-orani-belli-oldu-ev-sahipleri-yuzde-kac-zam-yapabilecek-iste-ornek-hesaplama\/","title":{"rendered":"Eyl\u00fcl ay\u0131 kira art\u0131\u015f oran\u0131 belli oldu! Ev sahipleri y\u00fczde ka\u00e7 zam yapabilecek? \u0130\u015fte \u00f6rnek hesaplama"},"content":{"rendered":"<p><img decoding=\"async\" src=\"https:\/\/iaahbr.tmgrup.com.tr\/70118a\/1200\/1200\/340\/0\/1140\/800?u=https:\/\/iahbr.tmgrup.com.tr\/2026\/09\/03\/eylul-ayi-kira-artis-orani-belli-oldu-ev-sahibi-en-fazla-ne-kadar-zam-yapabilecek-1788416621676.jpeg\" alt=\"Eyl\u00fcl ay\u0131 kira art\u0131\u015f oran\u0131 belli oldu! Ev sahipleri y\u00fczde ka\u00e7 zam yapabilecek? \u0130\u015fte \u00f6rnek hesaplama\"><br \/>Milyonlarca ev sahibi ve kirac\u0131n\u0131n merakla bekledi\u011fi eyl\u00fcl ay\u0131 kira art\u0131\u015f oran\u0131 belli oldu. T\u00dc\u0130K\u2019in a\u00e7\u0131klad\u0131\u011f\u0131 a\u011fustos ay\u0131 enflasyon verileri sonras\u0131 12 ayl\u0131k T\u00dcFE ortalamas\u0131na g\u00f6re hesaplanan kira&#8230;<a href=\"https:\/\/www.ahaber.com.tr\/ekonomi\/2026\/09\/03\/eylul-ayi-kira-artis-orani-belli-oldu-ev-sahibi-en-fazla-ne-kadar-zam-yapabilecek\">Devam\u0131 i\u00e7in t\u0131klay\u0131n\u0131z<\/a><\/p>\n","protected":false},"excerpt":{"rendered":"<p>Milyonlarca ev sahibi ve kirac\u0131n\u0131n merakla bekledi\u011fi eyl\u00fcl ay\u0131 kira art\u0131\u015f oran\u0131 belli oldu. T\u00dc\u0130K\u2019in a\u00e7\u0131klad\u0131\u011f\u0131 a\u011fustos ay\u0131 enflasyon verileri sonras\u0131 12 ayl\u0131k T\u00dcFE ortalamas\u0131na g\u00f6re hesaplanan kira&#8230;Devam\u0131 i\u00e7in t\u0131klay\u0131n\u0131z<\/p>\n","protected":false},"author":1,"featured_media":0,"comment_status":"open","ping_status":"open","sticky":false,"template":"","format":"standard","meta":{"_joinchat":[],"footnotes":""},"categories":[32],"tags":[],"class_list":["post-24268","post","type-post","status-publish","format-standard","category-ekonomi"],"_links":{"self":[{"href":"https:\/\/www.karamantoki.com\/index.php\/wp-json\/wp\/v2\/posts\/24268","targetHints":{"allow":["GET"]}}],"collection":[{"href":"https:\/\/www.karamantoki.com\/index.php\/wp-json\/wp\/v2\/posts"}],"about":[{"href":"https:\/\/www.karamantoki.com\/index.php\/wp-json\/wp\/v2\/types\/post"}],"author":[{"embeddable":true,"href":"https:\/\/www.karamantoki.com\/index.php\/wp-json\/wp\/v2\/users\/1"}],"replies":[{"embeddable":true,"href":"https:\/\/www.karamantoki.com\/index.php\/wp-json\/wp\/v2\/comments?post=24268"}],"version-history":[{"count":0,"href":"https:\/\/www.karamantoki.com\/index.php\/wp-json\/wp\/v2\/posts\/24268\/revisions"}],"wp:attachment":[{"href":"https:\/\/www.karamantoki.com\/index.php\/wp-json\/wp\/v2\/media?parent=24268"}],"wp:term":[{"taxonomy":"category","embeddable":true,"href":"https:\/\/www.karamantoki.com\/index.php\/wp-json\/wp\/v2\/categories?post=24268"},{"taxonomy":"post_tag","embeddable":true,"href":"https:\/\/www.karamantoki.com\/index.php\/wp-json\/wp\/v2\/tags?post=24268"}],"curies":[{"name":"wp","href":"https:\/\/api.w.org\/{rel}","templated":true}]}}