{"id":24256,"date":"2026-09-03T07:50:13","date_gmt":"2026-09-03T07:50:13","guid":{"rendered":"https:\/\/www.karamantoki.com\/index.php\/2026\/09\/03\/atv-canli-izle-3-eylul-muge-anli-canli-nereden-izlenir-muge-anli-basladi-mi-saat-kacta-basliyor\/"},"modified":"2026-09-03T07:50:13","modified_gmt":"2026-09-03T07:50:13","slug":"atv-canli-izle-3-eylul-muge-anli-canli-nereden-izlenir-muge-anli-basladi-mi-saat-kacta-basliyor","status":"publish","type":"post","link":"https:\/\/www.karamantoki.com\/index.php\/2026\/09\/03\/atv-canli-izle-3-eylul-muge-anli-canli-nereden-izlenir-muge-anli-basladi-mi-saat-kacta-basliyor\/","title":{"rendered":"ATV CANLI \u0130ZLE: 3 Eyl\u00fcl M\u00fcge Anl\u0131 canl\u0131 nereden izlenir? M\u00fcge Anl\u0131 ba\u015flad\u0131 m\u0131, saat ka\u00e7ta ba\u015fl\u0131yor?"},"content":{"rendered":"<p>ATV\u2019nin g\u00fcnd\u00fcz ku\u015fa\u011f\u0131nda izleyiciyle bulu\u015fan M\u00fcge Anl\u0131 ile Tatl\u0131 Sert, yeni b\u00f6l\u00fcm\u00fcyle ekran ba\u015f\u0131na ge\u00e7mek isteyenlerin ara\u015ft\u0131rd\u0131\u011f\u0131 programlar aras\u0131nda bulunuyor. \u00d6zellikle \u201cM\u00fcge Anl\u0131 ba\u015flad\u0131 m\u0131?\u201d, \u201cM\u00fcge Anl\u0131 saat ka\u00e7ta?\u201d ve \u201cM\u00fcge Anl\u0131 canl\u0131 izle\u201d \u015feklindeki aramalarla program\u0131n yay\u0131n saati ve canl\u0131 yay\u0131n bilgileri \u00f6\u011frenilmeye \u00e7al\u0131\u015f\u0131l\u0131yor. Peki, M\u00fcge Anl\u0131 ile Tatl\u0131 Sert saat ka\u00e7ta ba\u015fl\u0131yor, ATV canl\u0131 yay\u0131n nas\u0131l izlenir?<\/p>\n","protected":false},"excerpt":{"rendered":"<p>ATV\u2019nin g\u00fcnd\u00fcz ku\u015fa\u011f\u0131nda izleyiciyle bulu\u015fan M\u00fcge Anl\u0131 ile Tatl\u0131 Sert, yeni b\u00f6l\u00fcm\u00fcyle ekran ba\u015f\u0131na ge\u00e7mek isteyenlerin ara\u015ft\u0131rd\u0131\u011f\u0131 programlar aras\u0131nda bulunuyor. \u00d6zellikle \u201cM\u00fcge Anl\u0131 ba\u015flad\u0131 m\u0131?\u201d, \u201cM\u00fcge Anl\u0131 saat ka\u00e7ta?\u201d ve \u201cM\u00fcge Anl\u0131 canl\u0131 izle\u201d \u015feklindeki aramalarla program\u0131n yay\u0131n saati ve canl\u0131 yay\u0131n bilgileri \u00f6\u011frenilmeye \u00e7al\u0131\u015f\u0131l\u0131yor. Peki, M\u00fcge Anl\u0131 ile Tatl\u0131 Sert saat ka\u00e7ta ba\u015fl\u0131yor, ATV [&hellip;]<\/p>\n","protected":false},"author":1,"featured_media":0,"comment_status":"open","ping_status":"open","sticky":false,"template":"","format":"standard","meta":{"_joinchat":[],"footnotes":""},"categories":[1],"tags":[],"class_list":["post-24256","post","type-post","status-publish","format-standard","category-toki"],"_links":{"self":[{"href":"https:\/\/www.karamantoki.com\/index.php\/wp-json\/wp\/v2\/posts\/24256","targetHints":{"allow":["GET"]}}],"collection":[{"href":"https:\/\/www.karamantoki.com\/index.php\/wp-json\/wp\/v2\/posts"}],"about":[{"href":"https:\/\/www.karamantoki.com\/index.php\/wp-json\/wp\/v2\/types\/post"}],"author":[{"embeddable":true,"href":"https:\/\/www.karamantoki.com\/index.php\/wp-json\/wp\/v2\/users\/1"}],"replies":[{"embeddable":true,"href":"https:\/\/www.karamantoki.com\/index.php\/wp-json\/wp\/v2\/comments?post=24256"}],"version-history":[{"count":0,"href":"https:\/\/www.karamantoki.com\/index.php\/wp-json\/wp\/v2\/posts\/24256\/revisions"}],"wp:attachment":[{"href":"https:\/\/www.karamantoki.com\/index.php\/wp-json\/wp\/v2\/media?parent=24256"}],"wp:term":[{"taxonomy":"category","embeddable":true,"href":"https:\/\/www.karamantoki.com\/index.php\/wp-json\/wp\/v2\/categories?post=24256"},{"taxonomy":"post_tag","embeddable":true,"href":"https:\/\/www.karamantoki.com\/index.php\/wp-json\/wp\/v2\/tags?post=24256"}],"curies":[{"name":"wp","href":"https:\/\/api.w.org\/{rel}","templated":true}]}}