{"id":24214,"date":"2026-09-02T22:50:15","date_gmt":"2026-09-02T22:50:15","guid":{"rendered":"https:\/\/www.karamantoki.com\/index.php\/2026\/09\/02\/dilek-kaya-imamoglundan-18-ay-mesaji-adalet-ve-ozgurluk-istiyoruz\/"},"modified":"2026-09-02T22:50:15","modified_gmt":"2026-09-02T22:50:15","slug":"dilek-kaya-imamoglundan-18-ay-mesaji-adalet-ve-ozgurluk-istiyoruz","status":"publish","type":"post","link":"https:\/\/www.karamantoki.com\/index.php\/2026\/09\/02\/dilek-kaya-imamoglundan-18-ay-mesaji-adalet-ve-ozgurluk-istiyoruz\/","title":{"rendered":"Dilek Kaya \u0130mamo\u011flu&apos;ndan 18. Ay Mesaj\u0131: &apos;Adalet ve \u00d6zg\u00fcrl\u00fck \u0130stiyoruz&apos;"},"content":{"rendered":"<p>Tutuklu \u0130BB Ba\u015fkan\u0131 Ekrem \u0130mamo\u011flu&#8217;nun e\u015fi Dilek Kaya \u0130mamo\u011flu, tutuklulu\u011fun 18. ay\u0131 dolay\u0131s\u0131yla yapt\u0131\u011f\u0131 a\u00e7\u0131klamada, somut deliller yerine beyanlara dayanan s\u00fcreci ele\u015ftirerek, tutuksuz ve adil bir yarg\u0131lama talebini yineledi. Ailelerin de ma\u011fdur oldu\u011funu vurgulayan \u0130mamo\u011flu, Silivri&#8217;den y\u00fckselen adalet ve \u00f6zg\u00fcrl\u00fck seslerinin susturulamayaca\u011f\u0131n\u0131 ifade etti.<\/p>\n","protected":false},"excerpt":{"rendered":"<p>Tutuklu \u0130BB Ba\u015fkan\u0131 Ekrem \u0130mamo\u011flu&#8217;nun e\u015fi Dilek Kaya \u0130mamo\u011flu, tutuklulu\u011fun 18. ay\u0131 dolay\u0131s\u0131yla yapt\u0131\u011f\u0131 a\u00e7\u0131klamada, somut deliller yerine beyanlara dayanan s\u00fcreci ele\u015ftirerek, tutuksuz ve adil bir yarg\u0131lama talebini yineledi. Ailelerin de ma\u011fdur oldu\u011funu vurgulayan \u0130mamo\u011flu, Silivri&#8217;den y\u00fckselen adalet ve \u00f6zg\u00fcrl\u00fck seslerinin susturulamayaca\u011f\u0131n\u0131 ifade etti.<\/p>\n","protected":false},"author":1,"featured_media":0,"comment_status":"open","ping_status":"open","sticky":false,"template":"","format":"standard","meta":{"_joinchat":[],"footnotes":""},"categories":[1],"tags":[],"class_list":["post-24214","post","type-post","status-publish","format-standard","category-toki"],"_links":{"self":[{"href":"https:\/\/www.karamantoki.com\/index.php\/wp-json\/wp\/v2\/posts\/24214","targetHints":{"allow":["GET"]}}],"collection":[{"href":"https:\/\/www.karamantoki.com\/index.php\/wp-json\/wp\/v2\/posts"}],"about":[{"href":"https:\/\/www.karamantoki.com\/index.php\/wp-json\/wp\/v2\/types\/post"}],"author":[{"embeddable":true,"href":"https:\/\/www.karamantoki.com\/index.php\/wp-json\/wp\/v2\/users\/1"}],"replies":[{"embeddable":true,"href":"https:\/\/www.karamantoki.com\/index.php\/wp-json\/wp\/v2\/comments?post=24214"}],"version-history":[{"count":0,"href":"https:\/\/www.karamantoki.com\/index.php\/wp-json\/wp\/v2\/posts\/24214\/revisions"}],"wp:attachment":[{"href":"https:\/\/www.karamantoki.com\/index.php\/wp-json\/wp\/v2\/media?parent=24214"}],"wp:term":[{"taxonomy":"category","embeddable":true,"href":"https:\/\/www.karamantoki.com\/index.php\/wp-json\/wp\/v2\/categories?post=24214"},{"taxonomy":"post_tag","embeddable":true,"href":"https:\/\/www.karamantoki.com\/index.php\/wp-json\/wp\/v2\/tags?post=24214"}],"curies":[{"name":"wp","href":"https:\/\/api.w.org\/{rel}","templated":true}]}}