{"id":24202,"date":"2026-09-02T20:50:25","date_gmt":"2026-09-02T20:50:25","guid":{"rendered":"https:\/\/www.karamantoki.com\/index.php\/2026\/09\/02\/ilk-hafta-okula-gitmek-zorunlu-mu-yoklama-alinir-mi\/"},"modified":"2026-09-02T20:50:25","modified_gmt":"2026-09-02T20:50:25","slug":"ilk-hafta-okula-gitmek-zorunlu-mu-yoklama-alinir-mi","status":"publish","type":"post","link":"https:\/\/www.karamantoki.com\/index.php\/2026\/09\/02\/ilk-hafta-okula-gitmek-zorunlu-mu-yoklama-alinir-mi\/","title":{"rendered":"\u0130lk hafta okula gitmek zorunlu mu, yoklama al\u0131n\u0131r m\u0131?"},"content":{"rendered":"<p>2026-2027 e\u011fitim-\u00f6\u011fretim y\u0131l\u0131 \u00f6ncesinde \u00f6\u011frenciler ve veliler, okullar\u0131n a\u00e7\u0131l\u0131\u015f tarihiyle birlikte ilk haftaya ili\u015fkin uygulamalar\u0131 ara\u015ft\u0131rmaya ba\u015flad\u0131. \u0130lk hafta yoklama al\u0131n\u0131r m\u0131, al\u0131n\u0131yor mu? MEB \u00e7al\u0131\u015fma takvimine g\u00f6re okul \u00f6ncesi ve ilkokul 1. s\u0131n\u0131f \u00f6\u011frencileri i\u00e7in uyum e\u011fitimi 7-11 Eyl\u00fcl 2026 tarihleri aras\u0131nda yap\u0131lacak, t\u00fcm kademelerde ise yeni e\u011fitim y\u0131l\u0131n\u0131n ilk ders zili 14 Eyl\u00fcl 2026 Pazartesi g\u00fcn\u00fc \u00e7alacak.<\/p>\n","protected":false},"excerpt":{"rendered":"<p>2026-2027 e\u011fitim-\u00f6\u011fretim y\u0131l\u0131 \u00f6ncesinde \u00f6\u011frenciler ve veliler, okullar\u0131n a\u00e7\u0131l\u0131\u015f tarihiyle birlikte ilk haftaya ili\u015fkin uygulamalar\u0131 ara\u015ft\u0131rmaya ba\u015flad\u0131. \u0130lk hafta yoklama al\u0131n\u0131r m\u0131, al\u0131n\u0131yor mu? MEB \u00e7al\u0131\u015fma takvimine g\u00f6re okul \u00f6ncesi ve ilkokul 1. s\u0131n\u0131f \u00f6\u011frencileri i\u00e7in uyum e\u011fitimi 7-11 Eyl\u00fcl 2026 tarihleri aras\u0131nda yap\u0131lacak, t\u00fcm kademelerde ise yeni e\u011fitim y\u0131l\u0131n\u0131n ilk ders zili 14 Eyl\u00fcl [&hellip;]<\/p>\n","protected":false},"author":1,"featured_media":0,"comment_status":"open","ping_status":"open","sticky":false,"template":"","format":"standard","meta":{"_joinchat":[],"footnotes":""},"categories":[1],"tags":[],"class_list":["post-24202","post","type-post","status-publish","format-standard","category-toki"],"_links":{"self":[{"href":"https:\/\/www.karamantoki.com\/index.php\/wp-json\/wp\/v2\/posts\/24202","targetHints":{"allow":["GET"]}}],"collection":[{"href":"https:\/\/www.karamantoki.com\/index.php\/wp-json\/wp\/v2\/posts"}],"about":[{"href":"https:\/\/www.karamantoki.com\/index.php\/wp-json\/wp\/v2\/types\/post"}],"author":[{"embeddable":true,"href":"https:\/\/www.karamantoki.com\/index.php\/wp-json\/wp\/v2\/users\/1"}],"replies":[{"embeddable":true,"href":"https:\/\/www.karamantoki.com\/index.php\/wp-json\/wp\/v2\/comments?post=24202"}],"version-history":[{"count":0,"href":"https:\/\/www.karamantoki.com\/index.php\/wp-json\/wp\/v2\/posts\/24202\/revisions"}],"wp:attachment":[{"href":"https:\/\/www.karamantoki.com\/index.php\/wp-json\/wp\/v2\/media?parent=24202"}],"wp:term":[{"taxonomy":"category","embeddable":true,"href":"https:\/\/www.karamantoki.com\/index.php\/wp-json\/wp\/v2\/categories?post=24202"},{"taxonomy":"post_tag","embeddable":true,"href":"https:\/\/www.karamantoki.com\/index.php\/wp-json\/wp\/v2\/tags?post=24202"}],"curies":[{"name":"wp","href":"https:\/\/api.w.org\/{rel}","templated":true}]}}