{"id":24198,"date":"2026-09-02T20:50:24","date_gmt":"2026-09-02T20:50:24","guid":{"rendered":"https:\/\/www.karamantoki.com\/index.php\/2026\/09\/02\/kilicdaroglundan-adalet-arayan-ailelere-destek-milli-bilinc-ve-guclu-turkiye-bulusmasi\/"},"modified":"2026-09-02T20:50:24","modified_gmt":"2026-09-02T20:50:24","slug":"kilicdaroglundan-adalet-arayan-ailelere-destek-milli-bilinc-ve-guclu-turkiye-bulusmasi","status":"publish","type":"post","link":"https:\/\/www.karamantoki.com\/index.php\/2026\/09\/02\/kilicdaroglundan-adalet-arayan-ailelere-destek-milli-bilinc-ve-guclu-turkiye-bulusmasi\/","title":{"rendered":"K\u0131l\u0131\u00e7daro\u011flu&apos;ndan Adalet Arayan Ailelere Destek: &apos;Milli Bilin\u00e7 ve G\u00fc\u00e7l\u00fc T\u00fcrkiye Bulu\u015fmas\u0131&apos;"},"content":{"rendered":"<p>CHP Genel Ba\u015fkan\u0131 Kemal K\u0131l\u0131\u00e7daro\u011flu, &#8220;Milli Bilin\u00e7 ve G\u00fc\u00e7l\u00fc T\u00fcrkiye Bulu\u015fmas\u0131&#8221; kapsam\u0131nda hak ve adalet aray\u0131\u015flar\u0131n\u0131 s\u00fcrd\u00fcren ailelerle bir araya geldi. Farkl\u0131 davalarda yak\u0131nlar\u0131n\u0131 kaybeden aileler, ya\u015fad\u0131klar\u0131 s\u00fcre\u00e7leri anlatarak adalet taleplerini dile getirdi.<\/p>\n","protected":false},"excerpt":{"rendered":"<p>CHP Genel Ba\u015fkan\u0131 Kemal K\u0131l\u0131\u00e7daro\u011flu, &#8220;Milli Bilin\u00e7 ve G\u00fc\u00e7l\u00fc T\u00fcrkiye Bulu\u015fmas\u0131&#8221; kapsam\u0131nda hak ve adalet aray\u0131\u015flar\u0131n\u0131 s\u00fcrd\u00fcren ailelerle bir araya geldi. Farkl\u0131 davalarda yak\u0131nlar\u0131n\u0131 kaybeden aileler, ya\u015fad\u0131klar\u0131 s\u00fcre\u00e7leri anlatarak adalet taleplerini dile getirdi.<\/p>\n","protected":false},"author":1,"featured_media":0,"comment_status":"open","ping_status":"open","sticky":false,"template":"","format":"standard","meta":{"_joinchat":[],"footnotes":""},"categories":[1],"tags":[],"class_list":["post-24198","post","type-post","status-publish","format-standard","category-toki"],"_links":{"self":[{"href":"https:\/\/www.karamantoki.com\/index.php\/wp-json\/wp\/v2\/posts\/24198","targetHints":{"allow":["GET"]}}],"collection":[{"href":"https:\/\/www.karamantoki.com\/index.php\/wp-json\/wp\/v2\/posts"}],"about":[{"href":"https:\/\/www.karamantoki.com\/index.php\/wp-json\/wp\/v2\/types\/post"}],"author":[{"embeddable":true,"href":"https:\/\/www.karamantoki.com\/index.php\/wp-json\/wp\/v2\/users\/1"}],"replies":[{"embeddable":true,"href":"https:\/\/www.karamantoki.com\/index.php\/wp-json\/wp\/v2\/comments?post=24198"}],"version-history":[{"count":0,"href":"https:\/\/www.karamantoki.com\/index.php\/wp-json\/wp\/v2\/posts\/24198\/revisions"}],"wp:attachment":[{"href":"https:\/\/www.karamantoki.com\/index.php\/wp-json\/wp\/v2\/media?parent=24198"}],"wp:term":[{"taxonomy":"category","embeddable":true,"href":"https:\/\/www.karamantoki.com\/index.php\/wp-json\/wp\/v2\/categories?post=24198"},{"taxonomy":"post_tag","embeddable":true,"href":"https:\/\/www.karamantoki.com\/index.php\/wp-json\/wp\/v2\/tags?post=24198"}],"curies":[{"name":"wp","href":"https:\/\/api.w.org\/{rel}","templated":true}]}}