{"id":24193,"date":"2026-09-02T19:50:23","date_gmt":"2026-09-02T19:50:23","guid":{"rendered":"https:\/\/www.karamantoki.com\/index.php\/2026\/09\/02\/anyma-12-eylulde-istanbul-konseri-iptal-edildi-mi-anyma-konseri-neden-iptal-edildi\/"},"modified":"2026-09-02T19:50:23","modified_gmt":"2026-09-02T19:50:23","slug":"anyma-12-eylulde-istanbul-konseri-iptal-edildi-mi-anyma-konseri-neden-iptal-edildi","status":"publish","type":"post","link":"https:\/\/www.karamantoki.com\/index.php\/2026\/09\/02\/anyma-12-eylulde-istanbul-konseri-iptal-edildi-mi-anyma-konseri-neden-iptal-edildi\/","title":{"rendered":"Anyma 12 Eyl\u00fcl\u2019de \u0130stanbul konseri iptal edildi mi, Anyma konseri neden iptal edildi?"},"content":{"rendered":"<p>Anyma 12 Eyl\u00fcl\u2019de \u0130stanbul konseri iptal edildi mi, Anyma konseri neden iptal edildi? sorular\u0131, d\u00fcnyaca \u00fcnl\u00fc elektronik m\u00fczik sanat\u00e7\u0131s\u0131n\u0131n \u0130stanbul\u2019da ger\u00e7ekle\u015ftirmesi planlanan konseriyle ilgili geli\u015fmelerin ard\u0131ndan g\u00fcndeme geldi. Etkinli\u011fe ili\u015fkin son durum, m\u00fczikseverler taraf\u0131ndan ara\u015ft\u0131r\u0131l\u0131yor.<\/p>\n","protected":false},"excerpt":{"rendered":"<p>Anyma 12 Eyl\u00fcl\u2019de \u0130stanbul konseri iptal edildi mi, Anyma konseri neden iptal edildi? sorular\u0131, d\u00fcnyaca \u00fcnl\u00fc elektronik m\u00fczik sanat\u00e7\u0131s\u0131n\u0131n \u0130stanbul\u2019da ger\u00e7ekle\u015ftirmesi planlanan konseriyle ilgili geli\u015fmelerin ard\u0131ndan g\u00fcndeme geldi. Etkinli\u011fe ili\u015fkin son durum, m\u00fczikseverler taraf\u0131ndan ara\u015ft\u0131r\u0131l\u0131yor.<\/p>\n","protected":false},"author":1,"featured_media":0,"comment_status":"open","ping_status":"open","sticky":false,"template":"","format":"standard","meta":{"_joinchat":[],"footnotes":""},"categories":[1],"tags":[],"class_list":["post-24193","post","type-post","status-publish","format-standard","category-toki"],"_links":{"self":[{"href":"https:\/\/www.karamantoki.com\/index.php\/wp-json\/wp\/v2\/posts\/24193","targetHints":{"allow":["GET"]}}],"collection":[{"href":"https:\/\/www.karamantoki.com\/index.php\/wp-json\/wp\/v2\/posts"}],"about":[{"href":"https:\/\/www.karamantoki.com\/index.php\/wp-json\/wp\/v2\/types\/post"}],"author":[{"embeddable":true,"href":"https:\/\/www.karamantoki.com\/index.php\/wp-json\/wp\/v2\/users\/1"}],"replies":[{"embeddable":true,"href":"https:\/\/www.karamantoki.com\/index.php\/wp-json\/wp\/v2\/comments?post=24193"}],"version-history":[{"count":0,"href":"https:\/\/www.karamantoki.com\/index.php\/wp-json\/wp\/v2\/posts\/24193\/revisions"}],"wp:attachment":[{"href":"https:\/\/www.karamantoki.com\/index.php\/wp-json\/wp\/v2\/media?parent=24193"}],"wp:term":[{"taxonomy":"category","embeddable":true,"href":"https:\/\/www.karamantoki.com\/index.php\/wp-json\/wp\/v2\/categories?post=24193"},{"taxonomy":"post_tag","embeddable":true,"href":"https:\/\/www.karamantoki.com\/index.php\/wp-json\/wp\/v2\/tags?post=24193"}],"curies":[{"name":"wp","href":"https:\/\/api.w.org\/{rel}","templated":true}]}}