{"id":24151,"date":"2026-09-02T13:50:29","date_gmt":"2026-09-02T13:50:29","guid":{"rendered":"https:\/\/www.karamantoki.com\/index.php\/2026\/09\/02\/karadenizde-palamut-sezonu-ineboluda-basladi\/"},"modified":"2026-09-02T13:50:29","modified_gmt":"2026-09-02T13:50:29","slug":"karadenizde-palamut-sezonu-ineboluda-basladi","status":"publish","type":"post","link":"https:\/\/www.karamantoki.com\/index.php\/2026\/09\/02\/karadenizde-palamut-sezonu-ineboluda-basladi\/","title":{"rendered":"Karadeniz&apos;de Palamut Sezonu \u0130nebolu&apos;da Ba\u015flad\u0131"},"content":{"rendered":"<p>Karadeniz&#8217;de av sezonunun a\u00e7\u0131lmas\u0131yla birlikte \u0130nebolu a\u00e7\u0131klar\u0131nda avlanan bal\u0131k\u00e7\u0131 tekneleri, palamut y\u00fckl\u00fc olarak limana yana\u015ft\u0131. \u0130l\u00e7e Tar\u0131m ve Orman M\u00fcd\u00fcrl\u00fc\u011f\u00fc ekiplerinin kontrollerinin ard\u0131ndan palamutlar, farkl\u0131 illere g\u00f6nderilmek \u00fczere kamyonlara y\u00fcklendi. Bal\u0131k\u00e7\u0131lar, sezon ba\u015f\u0131ndaki bu hareketlilikten memnun; ilerleyen g\u00fcnlerde av\u0131n daha da bereketli olmas\u0131n\u0131 bekliyorlar.<\/p>\n","protected":false},"excerpt":{"rendered":"<p>Karadeniz&#8217;de av sezonunun a\u00e7\u0131lmas\u0131yla birlikte \u0130nebolu a\u00e7\u0131klar\u0131nda avlanan bal\u0131k\u00e7\u0131 tekneleri, palamut y\u00fckl\u00fc olarak limana yana\u015ft\u0131. \u0130l\u00e7e Tar\u0131m ve Orman M\u00fcd\u00fcrl\u00fc\u011f\u00fc ekiplerinin kontrollerinin ard\u0131ndan palamutlar, farkl\u0131 illere g\u00f6nderilmek \u00fczere kamyonlara y\u00fcklendi. Bal\u0131k\u00e7\u0131lar, sezon ba\u015f\u0131ndaki bu hareketlilikten memnun; ilerleyen g\u00fcnlerde av\u0131n daha da bereketli olmas\u0131n\u0131 bekliyorlar.<\/p>\n","protected":false},"author":1,"featured_media":0,"comment_status":"open","ping_status":"open","sticky":false,"template":"","format":"standard","meta":{"_joinchat":[],"footnotes":""},"categories":[1],"tags":[],"class_list":["post-24151","post","type-post","status-publish","format-standard","category-toki"],"_links":{"self":[{"href":"https:\/\/www.karamantoki.com\/index.php\/wp-json\/wp\/v2\/posts\/24151","targetHints":{"allow":["GET"]}}],"collection":[{"href":"https:\/\/www.karamantoki.com\/index.php\/wp-json\/wp\/v2\/posts"}],"about":[{"href":"https:\/\/www.karamantoki.com\/index.php\/wp-json\/wp\/v2\/types\/post"}],"author":[{"embeddable":true,"href":"https:\/\/www.karamantoki.com\/index.php\/wp-json\/wp\/v2\/users\/1"}],"replies":[{"embeddable":true,"href":"https:\/\/www.karamantoki.com\/index.php\/wp-json\/wp\/v2\/comments?post=24151"}],"version-history":[{"count":0,"href":"https:\/\/www.karamantoki.com\/index.php\/wp-json\/wp\/v2\/posts\/24151\/revisions"}],"wp:attachment":[{"href":"https:\/\/www.karamantoki.com\/index.php\/wp-json\/wp\/v2\/media?parent=24151"}],"wp:term":[{"taxonomy":"category","embeddable":true,"href":"https:\/\/www.karamantoki.com\/index.php\/wp-json\/wp\/v2\/categories?post=24151"},{"taxonomy":"post_tag","embeddable":true,"href":"https:\/\/www.karamantoki.com\/index.php\/wp-json\/wp\/v2\/tags?post=24151"}],"curies":[{"name":"wp","href":"https:\/\/api.w.org\/{rel}","templated":true}]}}