{"id":24147,"date":"2026-09-02T13:50:28","date_gmt":"2026-09-02T13:50:28","guid":{"rendered":"https:\/\/www.karamantoki.com\/index.php\/2026\/09\/02\/melih-gokcek-neden-ifadeye-cagrildi\/"},"modified":"2026-09-02T13:50:28","modified_gmt":"2026-09-02T13:50:28","slug":"melih-gokcek-neden-ifadeye-cagrildi","status":"publish","type":"post","link":"https:\/\/www.karamantoki.com\/index.php\/2026\/09\/02\/melih-gokcek-neden-ifadeye-cagrildi\/","title":{"rendered":"Melih G\u00f6k\u00e7ek neden ifadeye \u00e7a\u011fr\u0131ld\u0131?"},"content":{"rendered":"<p>Melih G\u00f6k\u00e7ek neden ifadeye \u00e7a\u011fr\u0131ld\u0131? Eski Ankara B\u00fcy\u00fck\u015fehir Belediye Ba\u015fkan\u0131 \u0130brahim Melih G\u00f6k\u00e7ek hakk\u0131nda, yurt d\u0131\u015f\u0131ndaki \u015firketlere kay\u0131t d\u0131\u015f\u0131 para aktar\u0131ld\u0131\u011f\u0131 y\u00f6n\u00fcndeki iddialar \u00fczerine Ankara Cumhuriyet Ba\u015fsavc\u0131l\u0131\u011f\u0131 taraf\u0131ndan soru\u015fturma ba\u015flat\u0131ld\u0131. Soru\u015fturma kapsam\u0131nda G\u00f6k\u00e7ek&#8217;in 4 Eyl\u00fcl Cuma g\u00fcn\u00fc saat 16.00&#8217;da \u015f\u00fcpheli s\u0131fat\u0131yla ifade vermek \u00fczere Ba\u015fsavc\u0131l\u0131\u011fa \u00e7a\u011fr\u0131ld\u0131\u011f\u0131 \u00f6\u011frenildi.<\/p>\n","protected":false},"excerpt":{"rendered":"<p>Melih G\u00f6k\u00e7ek neden ifadeye \u00e7a\u011fr\u0131ld\u0131? Eski Ankara B\u00fcy\u00fck\u015fehir Belediye Ba\u015fkan\u0131 \u0130brahim Melih G\u00f6k\u00e7ek hakk\u0131nda, yurt d\u0131\u015f\u0131ndaki \u015firketlere kay\u0131t d\u0131\u015f\u0131 para aktar\u0131ld\u0131\u011f\u0131 y\u00f6n\u00fcndeki iddialar \u00fczerine Ankara Cumhuriyet Ba\u015fsavc\u0131l\u0131\u011f\u0131 taraf\u0131ndan soru\u015fturma ba\u015flat\u0131ld\u0131. Soru\u015fturma kapsam\u0131nda G\u00f6k\u00e7ek&#8217;in 4 Eyl\u00fcl Cuma g\u00fcn\u00fc saat 16.00&#8217;da \u015f\u00fcpheli s\u0131fat\u0131yla ifade vermek \u00fczere Ba\u015fsavc\u0131l\u0131\u011fa \u00e7a\u011fr\u0131ld\u0131\u011f\u0131 \u00f6\u011frenildi.<\/p>\n","protected":false},"author":1,"featured_media":0,"comment_status":"open","ping_status":"open","sticky":false,"template":"","format":"standard","meta":{"_joinchat":[],"footnotes":""},"categories":[1],"tags":[],"class_list":["post-24147","post","type-post","status-publish","format-standard","category-toki"],"_links":{"self":[{"href":"https:\/\/www.karamantoki.com\/index.php\/wp-json\/wp\/v2\/posts\/24147","targetHints":{"allow":["GET"]}}],"collection":[{"href":"https:\/\/www.karamantoki.com\/index.php\/wp-json\/wp\/v2\/posts"}],"about":[{"href":"https:\/\/www.karamantoki.com\/index.php\/wp-json\/wp\/v2\/types\/post"}],"author":[{"embeddable":true,"href":"https:\/\/www.karamantoki.com\/index.php\/wp-json\/wp\/v2\/users\/1"}],"replies":[{"embeddable":true,"href":"https:\/\/www.karamantoki.com\/index.php\/wp-json\/wp\/v2\/comments?post=24147"}],"version-history":[{"count":0,"href":"https:\/\/www.karamantoki.com\/index.php\/wp-json\/wp\/v2\/posts\/24147\/revisions"}],"wp:attachment":[{"href":"https:\/\/www.karamantoki.com\/index.php\/wp-json\/wp\/v2\/media?parent=24147"}],"wp:term":[{"taxonomy":"category","embeddable":true,"href":"https:\/\/www.karamantoki.com\/index.php\/wp-json\/wp\/v2\/categories?post=24147"},{"taxonomy":"post_tag","embeddable":true,"href":"https:\/\/www.karamantoki.com\/index.php\/wp-json\/wp\/v2\/tags?post=24147"}],"curies":[{"name":"wp","href":"https:\/\/api.w.org\/{rel}","templated":true}]}}