{"id":24140,"date":"2026-09-02T12:50:17","date_gmt":"2026-09-02T12:50:17","guid":{"rendered":"https:\/\/www.karamantoki.com\/index.php\/2026\/09\/02\/kilicdaroglu-izmirde-esbasi-ziyaret-etti\/"},"modified":"2026-09-02T12:50:17","modified_gmt":"2026-09-02T12:50:17","slug":"kilicdaroglu-izmirde-esbasi-ziyaret-etti","status":"publish","type":"post","link":"https:\/\/www.karamantoki.com\/index.php\/2026\/09\/02\/kilicdaroglu-izmirde-esbasi-ziyaret-etti\/","title":{"rendered":"K\u0131l\u0131\u00e7daro\u011flu \u0130zmir&apos;de ESBA\u015e&apos;\u0131 Ziyaret Etti"},"content":{"rendered":"<p>CHP Genel Ba\u015fkan\u0131 Kemal K\u0131l\u0131\u00e7daro\u011flu, &#8216;Milli Bilin\u00e7 ve G\u00fc\u00e7l\u00fc T\u00fcrkiye Bulu\u015fmas\u0131&#8217; kapsam\u0131nda geldi\u011fi \u0130zmir&#8217;de Ege Serbest B\u00f6lge&#8217;yi (ESBA\u015e) ziyaret etti. K\u0131l\u0131\u00e7daro\u011flu, havaalan\u0131nda partililerce kar\u015f\u0131land\u0131ktan sonra ESBA\u015e Y\u00f6netim Kurulu Ba\u015fkan Vekili Faruk G\u00fcler ve \u00e7al\u0131\u015fanlarla bir araya gelerek bilgi ald\u0131.<\/p>\n","protected":false},"excerpt":{"rendered":"<p>CHP Genel Ba\u015fkan\u0131 Kemal K\u0131l\u0131\u00e7daro\u011flu, &#8216;Milli Bilin\u00e7 ve G\u00fc\u00e7l\u00fc T\u00fcrkiye Bulu\u015fmas\u0131&#8217; kapsam\u0131nda geldi\u011fi \u0130zmir&#8217;de Ege Serbest B\u00f6lge&#8217;yi (ESBA\u015e) ziyaret etti. K\u0131l\u0131\u00e7daro\u011flu, havaalan\u0131nda partililerce kar\u015f\u0131land\u0131ktan sonra ESBA\u015e Y\u00f6netim Kurulu Ba\u015fkan Vekili Faruk G\u00fcler ve \u00e7al\u0131\u015fanlarla bir araya gelerek bilgi ald\u0131.<\/p>\n","protected":false},"author":1,"featured_media":0,"comment_status":"open","ping_status":"open","sticky":false,"template":"","format":"standard","meta":{"_joinchat":[],"footnotes":""},"categories":[1],"tags":[],"class_list":["post-24140","post","type-post","status-publish","format-standard","category-toki"],"_links":{"self":[{"href":"https:\/\/www.karamantoki.com\/index.php\/wp-json\/wp\/v2\/posts\/24140","targetHints":{"allow":["GET"]}}],"collection":[{"href":"https:\/\/www.karamantoki.com\/index.php\/wp-json\/wp\/v2\/posts"}],"about":[{"href":"https:\/\/www.karamantoki.com\/index.php\/wp-json\/wp\/v2\/types\/post"}],"author":[{"embeddable":true,"href":"https:\/\/www.karamantoki.com\/index.php\/wp-json\/wp\/v2\/users\/1"}],"replies":[{"embeddable":true,"href":"https:\/\/www.karamantoki.com\/index.php\/wp-json\/wp\/v2\/comments?post=24140"}],"version-history":[{"count":0,"href":"https:\/\/www.karamantoki.com\/index.php\/wp-json\/wp\/v2\/posts\/24140\/revisions"}],"wp:attachment":[{"href":"https:\/\/www.karamantoki.com\/index.php\/wp-json\/wp\/v2\/media?parent=24140"}],"wp:term":[{"taxonomy":"category","embeddable":true,"href":"https:\/\/www.karamantoki.com\/index.php\/wp-json\/wp\/v2\/categories?post=24140"},{"taxonomy":"post_tag","embeddable":true,"href":"https:\/\/www.karamantoki.com\/index.php\/wp-json\/wp\/v2\/tags?post=24140"}],"curies":[{"name":"wp","href":"https:\/\/api.w.org\/{rel}","templated":true}]}}