{"id":24110,"date":"2026-09-02T09:02:48","date_gmt":"2026-09-02T09:02:48","guid":{"rendered":"https:\/\/www.karamantoki.com\/index.php\/2026\/09\/02\/borsada-sert-dusus-sonrasi-yeni-karar-aciga-satista-yukari-adim-kurali-uygulanacak\/"},"modified":"2026-09-02T09:02:48","modified_gmt":"2026-09-02T09:02:48","slug":"borsada-sert-dusus-sonrasi-yeni-karar-aciga-satista-yukari-adim-kurali-uygulanacak","status":"publish","type":"post","link":"https:\/\/www.karamantoki.com\/index.php\/2026\/09\/02\/borsada-sert-dusus-sonrasi-yeni-karar-aciga-satista-yukari-adim-kurali-uygulanacak\/","title":{"rendered":"Borsada sert d\u00fc\u015f\u00fc\u015f sonras\u0131 yeni karar! A\u00e7\u0131\u011fa sat\u0131\u015fta yukar\u0131 ad\u0131m kural\u0131 uygulanacak"},"content":{"rendered":"<p><img decoding=\"async\" src=\"https:\/\/iaahbr.tmgrup.com.tr\/99d231\/1200\/1200\/51\/0\/770\/720?u=https:\/\/iahbr.tmgrup.com.tr\/2026\/09\/02\/1788338127988.jpg\" alt=\"Borsada sert d\u00fc\u015f\u00fc\u015f sonras\u0131 yeni karar! A\u00e7\u0131\u011fa sat\u0131\u015fta yukar\u0131 ad\u0131m kural\u0131 uygulanacak\"><br \/>BIST 100 endeksindeki d\u00fc\u015f\u00fc\u015f\u00fcn y\u00fczde 2&#8217;yi a\u015fmas\u0131 \u00fczerine Borsa \u0130stanbul&#8217;da a\u00e7\u0131\u011fa sat\u0131\u015f i\u015flemlerine y\u00f6nelik yeni tedbir devreye al\u0131nd\u0131. Buna g\u00f6re a\u00e7\u0131\u011fa sat\u0131\u015f yap\u0131labilen i\u015flem s\u0131ralar\u0131nda seans sonuna&#8230;<a href=\"https:\/\/www.ahaber.com.tr\/ekonomi\/2026\/09\/02\/borsada-sert-dusus-sonrasi-yeni-karar-aciga-satista-yukari-adim-kurali-uygulanacak\">Devam\u0131 i\u00e7in t\u0131klay\u0131n\u0131z<\/a><\/p>\n","protected":false},"excerpt":{"rendered":"<p>BIST 100 endeksindeki d\u00fc\u015f\u00fc\u015f\u00fcn y\u00fczde 2&#8217;yi a\u015fmas\u0131 \u00fczerine Borsa \u0130stanbul&#8217;da a\u00e7\u0131\u011fa sat\u0131\u015f i\u015flemlerine y\u00f6nelik yeni tedbir devreye al\u0131nd\u0131. Buna g\u00f6re a\u00e7\u0131\u011fa sat\u0131\u015f yap\u0131labilen i\u015flem s\u0131ralar\u0131nda seans sonuna&#8230;Devam\u0131 i\u00e7in t\u0131klay\u0131n\u0131z<\/p>\n","protected":false},"author":1,"featured_media":0,"comment_status":"open","ping_status":"open","sticky":false,"template":"","format":"standard","meta":{"_joinchat":[],"footnotes":""},"categories":[32],"tags":[],"class_list":["post-24110","post","type-post","status-publish","format-standard","category-ekonomi"],"_links":{"self":[{"href":"https:\/\/www.karamantoki.com\/index.php\/wp-json\/wp\/v2\/posts\/24110","targetHints":{"allow":["GET"]}}],"collection":[{"href":"https:\/\/www.karamantoki.com\/index.php\/wp-json\/wp\/v2\/posts"}],"about":[{"href":"https:\/\/www.karamantoki.com\/index.php\/wp-json\/wp\/v2\/types\/post"}],"author":[{"embeddable":true,"href":"https:\/\/www.karamantoki.com\/index.php\/wp-json\/wp\/v2\/users\/1"}],"replies":[{"embeddable":true,"href":"https:\/\/www.karamantoki.com\/index.php\/wp-json\/wp\/v2\/comments?post=24110"}],"version-history":[{"count":0,"href":"https:\/\/www.karamantoki.com\/index.php\/wp-json\/wp\/v2\/posts\/24110\/revisions"}],"wp:attachment":[{"href":"https:\/\/www.karamantoki.com\/index.php\/wp-json\/wp\/v2\/media?parent=24110"}],"wp:term":[{"taxonomy":"category","embeddable":true,"href":"https:\/\/www.karamantoki.com\/index.php\/wp-json\/wp\/v2\/categories?post=24110"},{"taxonomy":"post_tag","embeddable":true,"href":"https:\/\/www.karamantoki.com\/index.php\/wp-json\/wp\/v2\/tags?post=24110"}],"curies":[{"name":"wp","href":"https:\/\/api.w.org\/{rel}","templated":true}]}}