{"id":24109,"date":"2026-09-02T07:50:32","date_gmt":"2026-09-02T07:50:32","guid":{"rendered":"https:\/\/www.karamantoki.com\/index.php\/2026\/09\/02\/kagithanede-rezidansin-14uncu-katindan-dusen-26-yasindaki-nisa-nur-hayatini-kaybetti\/"},"modified":"2026-09-02T07:50:32","modified_gmt":"2026-09-02T07:50:32","slug":"kagithanede-rezidansin-14uncu-katindan-dusen-26-yasindaki-nisa-nur-hayatini-kaybetti","status":"publish","type":"post","link":"https:\/\/www.karamantoki.com\/index.php\/2026\/09\/02\/kagithanede-rezidansin-14uncu-katindan-dusen-26-yasindaki-nisa-nur-hayatini-kaybetti\/","title":{"rendered":"Ka\u011f\u0131thane\u2019de rezidans\u0131n 14\u2019\u00fcnc\u00fc kat\u0131ndan d\u00fc\u015fen 26 ya\u015f\u0131ndaki Nisa Nur hayat\u0131n\u0131 kaybetti"},"content":{"rendered":"<p>KA\u011eITHANE\u2019de bir rezidans\u0131n 14\u2019\u00fcnc\u00fc kat\u0131ndaki dairenin balkonundan d\u00fc\u015fen Nisa Nur O\u011ful (26), hayat\u0131n\u0131 kaybetti. Polis ekiplerinin yapt\u0131\u011f\u0131 incelemede, 14\u2019\u00fcnc\u00fc kattaki 122 numaral\u0131 dairenin kap\u0131s\u0131nda anahtar bulundu. O\u011ful\u2019un daireyi konaklama uygulamas\u0131 \u00fczerinden kiralad\u0131\u011f\u0131 ve ak\u015fam saatlerinde rezidansa geldi\u011fini belirlendi. O\u011ful\u2019un d\u00fc\u015ft\u00fc\u011f\u00fc anlar g\u00fcvenlik kameras\u0131na yans\u0131rken, olayla ilgili soru\u015fturma ba\u015flat\u0131ld\u0131.<\/p>\n","protected":false},"excerpt":{"rendered":"<p>KA\u011eITHANE\u2019de bir rezidans\u0131n 14\u2019\u00fcnc\u00fc kat\u0131ndaki dairenin balkonundan d\u00fc\u015fen Nisa Nur O\u011ful (26), hayat\u0131n\u0131 kaybetti. Polis ekiplerinin yapt\u0131\u011f\u0131 incelemede, 14\u2019\u00fcnc\u00fc kattaki 122 numaral\u0131 dairenin kap\u0131s\u0131nda anahtar bulundu. O\u011ful\u2019un daireyi konaklama uygulamas\u0131 \u00fczerinden kiralad\u0131\u011f\u0131 ve ak\u015fam saatlerinde rezidansa geldi\u011fini belirlendi. O\u011ful\u2019un d\u00fc\u015ft\u00fc\u011f\u00fc anlar g\u00fcvenlik kameras\u0131na yans\u0131rken, olayla ilgili soru\u015fturma ba\u015flat\u0131ld\u0131.<\/p>\n","protected":false},"author":1,"featured_media":0,"comment_status":"open","ping_status":"open","sticky":false,"template":"","format":"standard","meta":{"_joinchat":[],"footnotes":""},"categories":[1],"tags":[],"class_list":["post-24109","post","type-post","status-publish","format-standard","category-toki"],"_links":{"self":[{"href":"https:\/\/www.karamantoki.com\/index.php\/wp-json\/wp\/v2\/posts\/24109","targetHints":{"allow":["GET"]}}],"collection":[{"href":"https:\/\/www.karamantoki.com\/index.php\/wp-json\/wp\/v2\/posts"}],"about":[{"href":"https:\/\/www.karamantoki.com\/index.php\/wp-json\/wp\/v2\/types\/post"}],"author":[{"embeddable":true,"href":"https:\/\/www.karamantoki.com\/index.php\/wp-json\/wp\/v2\/users\/1"}],"replies":[{"embeddable":true,"href":"https:\/\/www.karamantoki.com\/index.php\/wp-json\/wp\/v2\/comments?post=24109"}],"version-history":[{"count":0,"href":"https:\/\/www.karamantoki.com\/index.php\/wp-json\/wp\/v2\/posts\/24109\/revisions"}],"wp:attachment":[{"href":"https:\/\/www.karamantoki.com\/index.php\/wp-json\/wp\/v2\/media?parent=24109"}],"wp:term":[{"taxonomy":"category","embeddable":true,"href":"https:\/\/www.karamantoki.com\/index.php\/wp-json\/wp\/v2\/categories?post=24109"},{"taxonomy":"post_tag","embeddable":true,"href":"https:\/\/www.karamantoki.com\/index.php\/wp-json\/wp\/v2\/tags?post=24109"}],"curies":[{"name":"wp","href":"https:\/\/api.w.org\/{rel}","templated":true}]}}