{"id":24108,"date":"2026-09-02T07:50:32","date_gmt":"2026-09-02T07:50:32","guid":{"rendered":"https:\/\/www.karamantoki.com\/index.php\/2026\/09\/02\/bozay-slovenyada-mevkidasiyla-gorustu\/"},"modified":"2026-09-02T07:50:32","modified_gmt":"2026-09-02T07:50:32","slug":"bozay-slovenyada-mevkidasiyla-gorustu","status":"publish","type":"post","link":"https:\/\/www.karamantoki.com\/index.php\/2026\/09\/02\/bozay-slovenyada-mevkidasiyla-gorustu\/","title":{"rendered":"Bozay, Slovenya&apos;da Mevkida\u015f\u0131yla G\u00f6r\u00fc\u015ft\u00fc"},"content":{"rendered":"<p>D\u0131\u015fi\u015fleri Bakan Yard\u0131mc\u0131s\u0131 B\u00fcy\u00fckel\u00e7i Mehmet Kemal Bozay, Slovenya&#8217;n\u0131n Bled kentinde Slovenya D\u0131\u015f ve Avrupa \u0130\u015fleri Bakanl\u0131\u011f\u0131&#8217;nda Avrupa ve Siyasi \u0130\u015flerden Sorumlu Devlet Sekreteri B\u00fcy\u00fckel\u00e7i Tamara Weingerl Pozar ile g\u00f6r\u00fc\u015ft\u00fc.<\/p>\n","protected":false},"excerpt":{"rendered":"<p>D\u0131\u015fi\u015fleri Bakan Yard\u0131mc\u0131s\u0131 B\u00fcy\u00fckel\u00e7i Mehmet Kemal Bozay, Slovenya&#8217;n\u0131n Bled kentinde Slovenya D\u0131\u015f ve Avrupa \u0130\u015fleri Bakanl\u0131\u011f\u0131&#8217;nda Avrupa ve Siyasi \u0130\u015flerden Sorumlu Devlet Sekreteri B\u00fcy\u00fckel\u00e7i Tamara Weingerl Pozar ile g\u00f6r\u00fc\u015ft\u00fc.<\/p>\n","protected":false},"author":1,"featured_media":0,"comment_status":"open","ping_status":"open","sticky":false,"template":"","format":"standard","meta":{"_joinchat":[],"footnotes":""},"categories":[1],"tags":[],"class_list":["post-24108","post","type-post","status-publish","format-standard","category-toki"],"_links":{"self":[{"href":"https:\/\/www.karamantoki.com\/index.php\/wp-json\/wp\/v2\/posts\/24108","targetHints":{"allow":["GET"]}}],"collection":[{"href":"https:\/\/www.karamantoki.com\/index.php\/wp-json\/wp\/v2\/posts"}],"about":[{"href":"https:\/\/www.karamantoki.com\/index.php\/wp-json\/wp\/v2\/types\/post"}],"author":[{"embeddable":true,"href":"https:\/\/www.karamantoki.com\/index.php\/wp-json\/wp\/v2\/users\/1"}],"replies":[{"embeddable":true,"href":"https:\/\/www.karamantoki.com\/index.php\/wp-json\/wp\/v2\/comments?post=24108"}],"version-history":[{"count":0,"href":"https:\/\/www.karamantoki.com\/index.php\/wp-json\/wp\/v2\/posts\/24108\/revisions"}],"wp:attachment":[{"href":"https:\/\/www.karamantoki.com\/index.php\/wp-json\/wp\/v2\/media?parent=24108"}],"wp:term":[{"taxonomy":"category","embeddable":true,"href":"https:\/\/www.karamantoki.com\/index.php\/wp-json\/wp\/v2\/categories?post=24108"},{"taxonomy":"post_tag","embeddable":true,"href":"https:\/\/www.karamantoki.com\/index.php\/wp-json\/wp\/v2\/tags?post=24108"}],"curies":[{"name":"wp","href":"https:\/\/api.w.org\/{rel}","templated":true}]}}