{"id":2409,"date":"2025-11-13T09:02:58","date_gmt":"2025-11-13T09:02:58","guid":{"rendered":"https:\/\/www.karamantoki.com\/index.php\/2025\/11\/13\/toki-27-ilde-satisa-cikiyor-istanbul-ve-ankarada-yatirim-firsati-iste-188-tasinmaz-icin-acik-artirma-tarihi\/"},"modified":"2025-11-13T09:02:58","modified_gmt":"2025-11-13T09:02:58","slug":"toki-27-ilde-satisa-cikiyor-istanbul-ve-ankarada-yatirim-firsati-iste-188-tasinmaz-icin-acik-artirma-tarihi","status":"publish","type":"post","link":"https:\/\/www.karamantoki.com\/index.php\/2025\/11\/13\/toki-27-ilde-satisa-cikiyor-istanbul-ve-ankarada-yatirim-firsati-iste-188-tasinmaz-icin-acik-artirma-tarihi\/","title":{"rendered":"TOK\u0130 27 ilde sat\u0131\u015fa \u00e7\u0131k\u0131yor: \u0130stanbul ve Ankara\u2019da yat\u0131r\u0131m f\u0131rsat\u0131! \u0130\u015fte 188 ta\u015f\u0131nmaz i\u00e7in a\u00e7\u0131k art\u0131rma tarihi"},"content":{"rendered":"<p><img decoding=\"async\" src=\"https:\/\/iaahbr.tmgrup.com.tr\/57d0b8\/1200\/675\/0\/0\/864\/486?u=https:\/\/iahbr.tmgrup.com.tr\/2025\/11\/13\/toki-27-ilde-satisa-cikiyor-istanbul-ve-ankarada-yatirim-firsati-188-tasinmaz-icin-basvuru-ve-acik-artirma-tar-1763020953702.jpg\" alt=\"TOK\u0130 27 ilde sat\u0131\u015fa \u00e7\u0131k\u0131yor: \u0130stanbul ve Ankara\u2019da yat\u0131r\u0131m f\u0131rsat\u0131! \u0130\u015fte 188 ta\u015f\u0131nmaz i\u00e7in a\u00e7\u0131k art\u0131rma tarihi\"><br \/>\u00c7evre, \u015eehircilik ve \u0130klim De\u011fi\u015fikli\u011fi Bakanl\u0131\u011f\u0131na ba\u011fl\u0131 Toplu Konut \u0130daresi Ba\u015fkanl\u0131\u011f\u0131 (TOK\u0130), \u0130stanbul ve Ankara&#8217;n\u0131n da aralar\u0131nda yer ald\u0131\u011f\u0131 27 ildeki toplam 188 ta\u015f\u0131nmaz\u0131 26 Kas\u0131m&#8217;da d\u00fczenlenecek a\u00e7\u0131k&#8230;<a href=\"https:\/\/www.ahaber.com.tr\/viral\/galeri\/liste\/toki-27-ilde-satisa-cikiyor-istanbul-ve-ankarada-yatirim-firsati-188-tasinmaz-icin-basvuru-ve-acik-artirma-tarihleri\">Devam\u0131 i\u00e7in t\u0131klay\u0131n\u0131z<\/a><\/p>\n","protected":false},"excerpt":{"rendered":"<p>\u00c7evre, \u015eehircilik ve \u0130klim De\u011fi\u015fikli\u011fi Bakanl\u0131\u011f\u0131na ba\u011fl\u0131 Toplu Konut \u0130daresi Ba\u015fkanl\u0131\u011f\u0131 (TOK\u0130), \u0130stanbul ve Ankara&#8217;n\u0131n da aralar\u0131nda yer ald\u0131\u011f\u0131 27 ildeki toplam 188 ta\u015f\u0131nmaz\u0131 26 Kas\u0131m&#8217;da d\u00fczenlenecek a\u00e7\u0131k&#8230;Devam\u0131 i\u00e7in t\u0131klay\u0131n\u0131z<\/p>\n","protected":false},"author":1,"featured_media":0,"comment_status":"open","ping_status":"open","sticky":false,"template":"","format":"standard","meta":{"_joinchat":[],"footnotes":""},"categories":[32],"tags":[],"class_list":{"0":"post-2409","1":"post","2":"type-post","3":"status-publish","4":"format-standard","6":"category-ekonomi"},"_links":{"self":[{"href":"https:\/\/www.karamantoki.com\/index.php\/wp-json\/wp\/v2\/posts\/2409","targetHints":{"allow":["GET"]}}],"collection":[{"href":"https:\/\/www.karamantoki.com\/index.php\/wp-json\/wp\/v2\/posts"}],"about":[{"href":"https:\/\/www.karamantoki.com\/index.php\/wp-json\/wp\/v2\/types\/post"}],"author":[{"embeddable":true,"href":"https:\/\/www.karamantoki.com\/index.php\/wp-json\/wp\/v2\/users\/1"}],"replies":[{"embeddable":true,"href":"https:\/\/www.karamantoki.com\/index.php\/wp-json\/wp\/v2\/comments?post=2409"}],"version-history":[{"count":0,"href":"https:\/\/www.karamantoki.com\/index.php\/wp-json\/wp\/v2\/posts\/2409\/revisions"}],"wp:attachment":[{"href":"https:\/\/www.karamantoki.com\/index.php\/wp-json\/wp\/v2\/media?parent=2409"}],"wp:term":[{"taxonomy":"category","embeddable":true,"href":"https:\/\/www.karamantoki.com\/index.php\/wp-json\/wp\/v2\/categories?post=2409"},{"taxonomy":"post_tag","embeddable":true,"href":"https:\/\/www.karamantoki.com\/index.php\/wp-json\/wp\/v2\/tags?post=2409"}],"curies":[{"name":"wp","href":"https:\/\/api.w.org\/{rel}","templated":true}]}}