{"id":24075,"date":"2026-09-02T03:50:30","date_gmt":"2026-09-02T03:50:30","guid":{"rendered":"https:\/\/www.karamantoki.com\/index.php\/2026\/09\/02\/irandan-erbildeki-abd-varliklarina-fuze-ve-iha-saldirisi\/"},"modified":"2026-09-02T03:50:30","modified_gmt":"2026-09-02T03:50:30","slug":"irandan-erbildeki-abd-varliklarina-fuze-ve-iha-saldirisi","status":"publish","type":"post","link":"https:\/\/www.karamantoki.com\/index.php\/2026\/09\/02\/irandan-erbildeki-abd-varliklarina-fuze-ve-iha-saldirisi\/","title":{"rendered":"\u0130ran&apos;dan Erbil&apos;deki ABD varl\u0131klar\u0131na f\u00fcze ve \u0130HA sald\u0131r\u0131s\u0131"},"content":{"rendered":"<p>\u0130ran Devrim Muhaf\u0131zlar\u0131, ABD&#8217;nin sald\u0131r\u0131lar\u0131na misilleme olarak Erbil ve \u00e7evresindeki ABD askeri varl\u0131klar\u0131n\u0131 f\u00fcze ve \u0130HA&#8217;larla hedef ald\u0131\u011f\u0131n\u0131, askeri depo ve g\u00f6zetleme sistemlerinin imha edildi\u011fini, baz\u0131 askerlerin \u00f6ld\u00fc\u011f\u00fcn\u00fc iddia etti. \u0130ran, sald\u0131r\u0131lar\u0131n s\u00fcrece\u011fini ve daha y\u0131k\u0131c\u0131 yan\u0131tlar verilece\u011fini duyurdu; iddialar hen\u00fcz resmi makamlarca do\u011frulanmad\u0131.<\/p>\n","protected":false},"excerpt":{"rendered":"<p>\u0130ran Devrim Muhaf\u0131zlar\u0131, ABD&#8217;nin sald\u0131r\u0131lar\u0131na misilleme olarak Erbil ve \u00e7evresindeki ABD askeri varl\u0131klar\u0131n\u0131 f\u00fcze ve \u0130HA&#8217;larla hedef ald\u0131\u011f\u0131n\u0131, askeri depo ve g\u00f6zetleme sistemlerinin imha edildi\u011fini, baz\u0131 askerlerin \u00f6ld\u00fc\u011f\u00fcn\u00fc iddia etti. \u0130ran, sald\u0131r\u0131lar\u0131n s\u00fcrece\u011fini ve daha y\u0131k\u0131c\u0131 yan\u0131tlar verilece\u011fini duyurdu; iddialar hen\u00fcz resmi makamlarca do\u011frulanmad\u0131.<\/p>\n","protected":false},"author":1,"featured_media":0,"comment_status":"open","ping_status":"open","sticky":false,"template":"","format":"standard","meta":{"_joinchat":[],"footnotes":""},"categories":[1],"tags":[],"class_list":["post-24075","post","type-post","status-publish","format-standard","category-toki"],"_links":{"self":[{"href":"https:\/\/www.karamantoki.com\/index.php\/wp-json\/wp\/v2\/posts\/24075","targetHints":{"allow":["GET"]}}],"collection":[{"href":"https:\/\/www.karamantoki.com\/index.php\/wp-json\/wp\/v2\/posts"}],"about":[{"href":"https:\/\/www.karamantoki.com\/index.php\/wp-json\/wp\/v2\/types\/post"}],"author":[{"embeddable":true,"href":"https:\/\/www.karamantoki.com\/index.php\/wp-json\/wp\/v2\/users\/1"}],"replies":[{"embeddable":true,"href":"https:\/\/www.karamantoki.com\/index.php\/wp-json\/wp\/v2\/comments?post=24075"}],"version-history":[{"count":0,"href":"https:\/\/www.karamantoki.com\/index.php\/wp-json\/wp\/v2\/posts\/24075\/revisions"}],"wp:attachment":[{"href":"https:\/\/www.karamantoki.com\/index.php\/wp-json\/wp\/v2\/media?parent=24075"}],"wp:term":[{"taxonomy":"category","embeddable":true,"href":"https:\/\/www.karamantoki.com\/index.php\/wp-json\/wp\/v2\/categories?post=24075"},{"taxonomy":"post_tag","embeddable":true,"href":"https:\/\/www.karamantoki.com\/index.php\/wp-json\/wp\/v2\/tags?post=24075"}],"curies":[{"name":"wp","href":"https:\/\/api.w.org\/{rel}","templated":true}]}}