{"id":23979,"date":"2026-09-01T11:50:20","date_gmt":"2026-09-01T11:50:20","guid":{"rendered":"https:\/\/www.karamantoki.com\/index.php\/2026\/09\/01\/norm-kadro-fazlasi-ogretmenler-icin-yer-degistirme-takvimi-aciklandi\/"},"modified":"2026-09-01T11:50:20","modified_gmt":"2026-09-01T11:50:20","slug":"norm-kadro-fazlasi-ogretmenler-icin-yer-degistirme-takvimi-aciklandi","status":"publish","type":"post","link":"https:\/\/www.karamantoki.com\/index.php\/2026\/09\/01\/norm-kadro-fazlasi-ogretmenler-icin-yer-degistirme-takvimi-aciklandi\/","title":{"rendered":"Norm Kadro Fazlas\u0131 \u00d6\u011fretmenler \u0130\u00e7in Yer De\u011fi\u015ftirme Takvimi A\u00e7\u0131kland\u0131"},"content":{"rendered":"<p>Yeni e\u011fitim-\u00f6\u011fretim y\u0131l\u0131 \u00f6ncesinde norm kadro fazlas\u0131 \u00f6\u011fretmenlerin yer de\u011fi\u015ftirme s\u00fcreci ba\u015flad\u0131. MEBB\u0130S \u00fczerinden 4-7 Eyl\u00fcl 2026 tarihlerinde tercih ba\u015fvurular\u0131 al\u0131nacak, sonu\u00e7lar 8 Eyl\u00fcl&#8217;de a\u00e7\u0131klanacak. Atama takvimi kapsam\u0131nda tespit, itiraz ve ili\u015fik kesme i\u015flemleri de belirlenen tarihlerde y\u00fcr\u00fct\u00fclecek.<\/p>\n","protected":false},"excerpt":{"rendered":"<p>Yeni e\u011fitim-\u00f6\u011fretim y\u0131l\u0131 \u00f6ncesinde norm kadro fazlas\u0131 \u00f6\u011fretmenlerin yer de\u011fi\u015ftirme s\u00fcreci ba\u015flad\u0131. MEBB\u0130S \u00fczerinden 4-7 Eyl\u00fcl 2026 tarihlerinde tercih ba\u015fvurular\u0131 al\u0131nacak, sonu\u00e7lar 8 Eyl\u00fcl&#8217;de a\u00e7\u0131klanacak. Atama takvimi kapsam\u0131nda tespit, itiraz ve ili\u015fik kesme i\u015flemleri de belirlenen tarihlerde y\u00fcr\u00fct\u00fclecek.<\/p>\n","protected":false},"author":1,"featured_media":0,"comment_status":"open","ping_status":"open","sticky":false,"template":"","format":"standard","meta":{"_joinchat":[],"footnotes":""},"categories":[1],"tags":[],"class_list":["post-23979","post","type-post","status-publish","format-standard","category-toki"],"_links":{"self":[{"href":"https:\/\/www.karamantoki.com\/index.php\/wp-json\/wp\/v2\/posts\/23979","targetHints":{"allow":["GET"]}}],"collection":[{"href":"https:\/\/www.karamantoki.com\/index.php\/wp-json\/wp\/v2\/posts"}],"about":[{"href":"https:\/\/www.karamantoki.com\/index.php\/wp-json\/wp\/v2\/types\/post"}],"author":[{"embeddable":true,"href":"https:\/\/www.karamantoki.com\/index.php\/wp-json\/wp\/v2\/users\/1"}],"replies":[{"embeddable":true,"href":"https:\/\/www.karamantoki.com\/index.php\/wp-json\/wp\/v2\/comments?post=23979"}],"version-history":[{"count":0,"href":"https:\/\/www.karamantoki.com\/index.php\/wp-json\/wp\/v2\/posts\/23979\/revisions"}],"wp:attachment":[{"href":"https:\/\/www.karamantoki.com\/index.php\/wp-json\/wp\/v2\/media?parent=23979"}],"wp:term":[{"taxonomy":"category","embeddable":true,"href":"https:\/\/www.karamantoki.com\/index.php\/wp-json\/wp\/v2\/categories?post=23979"},{"taxonomy":"post_tag","embeddable":true,"href":"https:\/\/www.karamantoki.com\/index.php\/wp-json\/wp\/v2\/tags?post=23979"}],"curies":[{"name":"wp","href":"https:\/\/api.w.org\/{rel}","templated":true}]}}