{"id":23975,"date":"2026-09-01T09:50:37","date_gmt":"2026-09-01T09:50:37","guid":{"rendered":"https:\/\/www.karamantoki.com\/index.php\/2026\/09\/01\/deniz-gul-resmen-galatasarayda-kapa-bildirildi-istanbula-geliyor\/"},"modified":"2026-09-01T09:50:37","modified_gmt":"2026-09-01T09:50:37","slug":"deniz-gul-resmen-galatasarayda-kapa-bildirildi-istanbula-geliyor","status":"publish","type":"post","link":"https:\/\/www.karamantoki.com\/index.php\/2026\/09\/01\/deniz-gul-resmen-galatasarayda-kapa-bildirildi-istanbula-geliyor\/","title":{"rendered":"Deniz G\u00fcl resmen Galatasaray&apos;da! KAP&apos;a bildirildi, \u0130stanbul&apos;a geliyor"},"content":{"rendered":"<p>Galatasaray, Porto formas\u0131 giyen 22 ya\u015f\u0131ndaki milli futbolcu Deniz G\u00fcl&#8217;\u00fcn transferi i\u00e7in resmi g\u00f6r\u00fc\u015fmelere ba\u015fland\u0131\u011f\u0131n\u0131 KAP&#8217;a bildirdi. Sar\u0131-k\u0131rm\u0131z\u0131l\u0131lar\u0131n \u0130stanbul&#8217;a getirmek \u00fczere yola \u00e7\u0131kard\u0131\u011f\u0131 gen\u00e7 golc\u00fcy\u00fc ta\u015f\u0131yan u\u00e7a\u011f\u0131n bug\u00fcn saat 14.30&#8217;da Atat\u00fcrk Havaliman\u0131 Genel Havac\u0131l\u0131k Terminali&#8217;ne inmesi bekleniyor.<\/p>\n","protected":false},"excerpt":{"rendered":"<p>Galatasaray, Porto formas\u0131 giyen 22 ya\u015f\u0131ndaki milli futbolcu Deniz G\u00fcl&#8217;\u00fcn transferi i\u00e7in resmi g\u00f6r\u00fc\u015fmelere ba\u015fland\u0131\u011f\u0131n\u0131 KAP&#8217;a bildirdi. Sar\u0131-k\u0131rm\u0131z\u0131l\u0131lar\u0131n \u0130stanbul&#8217;a getirmek \u00fczere yola \u00e7\u0131kard\u0131\u011f\u0131 gen\u00e7 golc\u00fcy\u00fc ta\u015f\u0131yan u\u00e7a\u011f\u0131n bug\u00fcn saat 14.30&#8217;da Atat\u00fcrk Havaliman\u0131 Genel Havac\u0131l\u0131k Terminali&#8217;ne inmesi bekleniyor.<\/p>\n","protected":false},"author":1,"featured_media":0,"comment_status":"open","ping_status":"open","sticky":false,"template":"","format":"standard","meta":{"_joinchat":[],"footnotes":""},"categories":[1],"tags":[],"class_list":["post-23975","post","type-post","status-publish","format-standard","category-toki"],"_links":{"self":[{"href":"https:\/\/www.karamantoki.com\/index.php\/wp-json\/wp\/v2\/posts\/23975","targetHints":{"allow":["GET"]}}],"collection":[{"href":"https:\/\/www.karamantoki.com\/index.php\/wp-json\/wp\/v2\/posts"}],"about":[{"href":"https:\/\/www.karamantoki.com\/index.php\/wp-json\/wp\/v2\/types\/post"}],"author":[{"embeddable":true,"href":"https:\/\/www.karamantoki.com\/index.php\/wp-json\/wp\/v2\/users\/1"}],"replies":[{"embeddable":true,"href":"https:\/\/www.karamantoki.com\/index.php\/wp-json\/wp\/v2\/comments?post=23975"}],"version-history":[{"count":0,"href":"https:\/\/www.karamantoki.com\/index.php\/wp-json\/wp\/v2\/posts\/23975\/revisions"}],"wp:attachment":[{"href":"https:\/\/www.karamantoki.com\/index.php\/wp-json\/wp\/v2\/media?parent=23975"}],"wp:term":[{"taxonomy":"category","embeddable":true,"href":"https:\/\/www.karamantoki.com\/index.php\/wp-json\/wp\/v2\/categories?post=23975"},{"taxonomy":"post_tag","embeddable":true,"href":"https:\/\/www.karamantoki.com\/index.php\/wp-json\/wp\/v2\/tags?post=23975"}],"curies":[{"name":"wp","href":"https:\/\/api.w.org\/{rel}","templated":true}]}}