{"id":23942,"date":"2026-09-01T04:50:46","date_gmt":"2026-09-01T04:50:46","guid":{"rendered":"https:\/\/www.karamantoki.com\/index.php\/2026\/09\/01\/abd-kara-kuvvetleri-sekreteri-dan-driscoll-istifa-etti\/"},"modified":"2026-09-01T04:50:46","modified_gmt":"2026-09-01T04:50:46","slug":"abd-kara-kuvvetleri-sekreteri-dan-driscoll-istifa-etti","status":"publish","type":"post","link":"https:\/\/www.karamantoki.com\/index.php\/2026\/09\/01\/abd-kara-kuvvetleri-sekreteri-dan-driscoll-istifa-etti\/","title":{"rendered":"ABD Kara Kuvvetleri Sekreteri Dan Driscoll istifa etti"},"content":{"rendered":"<p>ABD&#8217;nin \u0130ran&#8217;la sava\u015f\u0131n\u0131n s\u00fcrd\u00fc\u011f\u00fc ve binlerce Amerikan askerinin Orta Do\u011fu&#8217;da konu\u015fland\u0131r\u0131ld\u0131\u011f\u0131 kritik bir d\u00f6nemde Washington&#8217;da \u00f6nemli bir istifa ya\u015fand\u0131. ABD Kara Kuvvetleri Sekreteri Dan Driscoll, Savunma Bakan\u0131 Pete Hegseth ile aylard\u0131r s\u00fcren gerilimin ard\u0131ndan istifas\u0131n\u0131 Beyaz Saray&#8217;a sundu. Driscoll&#8217;\u0131n \u00f6zellikle ordunun d\u00f6n\u00fc\u015f\u00fcm\u00fc ve sava\u015fa haz\u0131rl\u0131k kapasitesi konusunda Hegseth ile g\u00f6r\u00fc\u015f ayr\u0131l\u0131klar\u0131 ya\u015fad\u0131\u011f\u0131 belirtildi.<\/p>\n","protected":false},"excerpt":{"rendered":"<p>ABD&#8217;nin \u0130ran&#8217;la sava\u015f\u0131n\u0131n s\u00fcrd\u00fc\u011f\u00fc ve binlerce Amerikan askerinin Orta Do\u011fu&#8217;da konu\u015fland\u0131r\u0131ld\u0131\u011f\u0131 kritik bir d\u00f6nemde Washington&#8217;da \u00f6nemli bir istifa ya\u015fand\u0131. ABD Kara Kuvvetleri Sekreteri Dan Driscoll, Savunma Bakan\u0131 Pete Hegseth ile aylard\u0131r s\u00fcren gerilimin ard\u0131ndan istifas\u0131n\u0131 Beyaz Saray&#8217;a sundu. Driscoll&#8217;\u0131n \u00f6zellikle ordunun d\u00f6n\u00fc\u015f\u00fcm\u00fc ve sava\u015fa haz\u0131rl\u0131k kapasitesi konusunda Hegseth ile g\u00f6r\u00fc\u015f ayr\u0131l\u0131klar\u0131 ya\u015fad\u0131\u011f\u0131 belirtildi.<\/p>\n","protected":false},"author":1,"featured_media":0,"comment_status":"open","ping_status":"open","sticky":false,"template":"","format":"standard","meta":{"_joinchat":[],"footnotes":""},"categories":[1],"tags":[],"class_list":["post-23942","post","type-post","status-publish","format-standard","category-toki"],"_links":{"self":[{"href":"https:\/\/www.karamantoki.com\/index.php\/wp-json\/wp\/v2\/posts\/23942","targetHints":{"allow":["GET"]}}],"collection":[{"href":"https:\/\/www.karamantoki.com\/index.php\/wp-json\/wp\/v2\/posts"}],"about":[{"href":"https:\/\/www.karamantoki.com\/index.php\/wp-json\/wp\/v2\/types\/post"}],"author":[{"embeddable":true,"href":"https:\/\/www.karamantoki.com\/index.php\/wp-json\/wp\/v2\/users\/1"}],"replies":[{"embeddable":true,"href":"https:\/\/www.karamantoki.com\/index.php\/wp-json\/wp\/v2\/comments?post=23942"}],"version-history":[{"count":0,"href":"https:\/\/www.karamantoki.com\/index.php\/wp-json\/wp\/v2\/posts\/23942\/revisions"}],"wp:attachment":[{"href":"https:\/\/www.karamantoki.com\/index.php\/wp-json\/wp\/v2\/media?parent=23942"}],"wp:term":[{"taxonomy":"category","embeddable":true,"href":"https:\/\/www.karamantoki.com\/index.php\/wp-json\/wp\/v2\/categories?post=23942"},{"taxonomy":"post_tag","embeddable":true,"href":"https:\/\/www.karamantoki.com\/index.php\/wp-json\/wp\/v2\/tags?post=23942"}],"curies":[{"name":"wp","href":"https:\/\/api.w.org\/{rel}","templated":true}]}}