{"id":23894,"date":"2026-08-31T20:50:16","date_gmt":"2026-08-31T20:50:16","guid":{"rendered":"https:\/\/www.karamantoki.com\/index.php\/2026\/08\/31\/masterchef-sadi-kimdir-masterchef-sadi-kac-yasinda-nereli-evli-mi-bekar-mi\/"},"modified":"2026-08-31T20:50:16","modified_gmt":"2026-08-31T20:50:16","slug":"masterchef-sadi-kimdir-masterchef-sadi-kac-yasinda-nereli-evli-mi-bekar-mi","status":"publish","type":"post","link":"https:\/\/www.karamantoki.com\/index.php\/2026\/08\/31\/masterchef-sadi-kimdir-masterchef-sadi-kac-yasinda-nereli-evli-mi-bekar-mi\/","title":{"rendered":"MasterChef \u015eadi kimdir, MasterChef \u015eadi ka\u00e7 ya\u015f\u0131nda, nereli, evli mi, bekar m\u0131?"},"content":{"rendered":"<p>MasterChef T\u00fcrkiye 2026 sezonunda ana kadroya giren isimlerden \u015eadi Alt\u0131nay, yar\u0131\u015fmadaki performans\u0131yla izleyicilerin dikkatini \u00e7ekti. 51 ya\u015f\u0131ndaki \u015eadi&#8217;nin hayat\u0131, mesle\u011fi ve mutfak ser\u00fcveni merak edilirken, arama motorlar\u0131nda \u201cMasterChef \u015eadi kimdir, ka\u00e7 ya\u015f\u0131nda, nereli, evli mi?\u201d sorular\u0131 ara\u015ft\u0131r\u0131lmaya ba\u015fland\u0131. Antalya do\u011fumlu olan Alt\u0131nay&#8217;\u0131n eczac\u0131l\u0131k e\u011fitiminin ard\u0131ndan 49 ya\u015f\u0131nda yeniden \u00fcniversiteye d\u00f6nerek a\u015f\u00e7\u0131l\u0131k e\u011fitimi almas\u0131 da dikkat \u00e7ekiyor.<\/p>\n","protected":false},"excerpt":{"rendered":"<p>MasterChef T\u00fcrkiye 2026 sezonunda ana kadroya giren isimlerden \u015eadi Alt\u0131nay, yar\u0131\u015fmadaki performans\u0131yla izleyicilerin dikkatini \u00e7ekti. 51 ya\u015f\u0131ndaki \u015eadi&#8217;nin hayat\u0131, mesle\u011fi ve mutfak ser\u00fcveni merak edilirken, arama motorlar\u0131nda \u201cMasterChef \u015eadi kimdir, ka\u00e7 ya\u015f\u0131nda, nereli, evli mi?\u201d sorular\u0131 ara\u015ft\u0131r\u0131lmaya ba\u015fland\u0131. Antalya do\u011fumlu olan Alt\u0131nay&#8217;\u0131n eczac\u0131l\u0131k e\u011fitiminin ard\u0131ndan 49 ya\u015f\u0131nda yeniden \u00fcniversiteye d\u00f6nerek a\u015f\u00e7\u0131l\u0131k e\u011fitimi almas\u0131 da dikkat [&hellip;]<\/p>\n","protected":false},"author":1,"featured_media":0,"comment_status":"open","ping_status":"open","sticky":false,"template":"","format":"standard","meta":{"_joinchat":[],"footnotes":""},"categories":[1],"tags":[],"class_list":["post-23894","post","type-post","status-publish","format-standard","category-toki"],"_links":{"self":[{"href":"https:\/\/www.karamantoki.com\/index.php\/wp-json\/wp\/v2\/posts\/23894","targetHints":{"allow":["GET"]}}],"collection":[{"href":"https:\/\/www.karamantoki.com\/index.php\/wp-json\/wp\/v2\/posts"}],"about":[{"href":"https:\/\/www.karamantoki.com\/index.php\/wp-json\/wp\/v2\/types\/post"}],"author":[{"embeddable":true,"href":"https:\/\/www.karamantoki.com\/index.php\/wp-json\/wp\/v2\/users\/1"}],"replies":[{"embeddable":true,"href":"https:\/\/www.karamantoki.com\/index.php\/wp-json\/wp\/v2\/comments?post=23894"}],"version-history":[{"count":0,"href":"https:\/\/www.karamantoki.com\/index.php\/wp-json\/wp\/v2\/posts\/23894\/revisions"}],"wp:attachment":[{"href":"https:\/\/www.karamantoki.com\/index.php\/wp-json\/wp\/v2\/media?parent=23894"}],"wp:term":[{"taxonomy":"category","embeddable":true,"href":"https:\/\/www.karamantoki.com\/index.php\/wp-json\/wp\/v2\/categories?post=23894"},{"taxonomy":"post_tag","embeddable":true,"href":"https:\/\/www.karamantoki.com\/index.php\/wp-json\/wp\/v2\/tags?post=23894"}],"curies":[{"name":"wp","href":"https:\/\/api.w.org\/{rel}","templated":true}]}}