{"id":23887,"date":"2026-08-31T18:50:30","date_gmt":"2026-08-31T18:50:30","guid":{"rendered":"https:\/\/www.karamantoki.com\/index.php\/2026\/08\/31\/feribot-faciasinda-hayatini-kaybeden-reyhan-verim-yarin-topraga-verilecek\/"},"modified":"2026-08-31T18:50:30","modified_gmt":"2026-08-31T18:50:30","slug":"feribot-faciasinda-hayatini-kaybeden-reyhan-verim-yarin-topraga-verilecek","status":"publish","type":"post","link":"https:\/\/www.karamantoki.com\/index.php\/2026\/08\/31\/feribot-faciasinda-hayatini-kaybeden-reyhan-verim-yarin-topraga-verilecek\/","title":{"rendered":"Feribot facias\u0131nda hayat\u0131n\u0131 kaybeden Reyhan Verim yar\u0131n topra\u011fa verilecek"},"content":{"rendered":"<p>KKTC Girne a\u00e7\u0131klar\u0131ndaki feribot facias\u0131nda \u00f6len Reyhan Verim&#8217;in cenazesi, yar\u0131n Mersin Toroslar&#8217;da d\u00fczenlenecek t\u00f6renle defnedilecek. Cenaze, \u00c7ukurova Havaliman\u0131&#8217;ndan getirilerek Akbelen Mezarl\u0131\u011f\u0131 morguna konuldu.<\/p>\n","protected":false},"excerpt":{"rendered":"<p>KKTC Girne a\u00e7\u0131klar\u0131ndaki feribot facias\u0131nda \u00f6len Reyhan Verim&#8217;in cenazesi, yar\u0131n Mersin Toroslar&#8217;da d\u00fczenlenecek t\u00f6renle defnedilecek. Cenaze, \u00c7ukurova Havaliman\u0131&#8217;ndan getirilerek Akbelen Mezarl\u0131\u011f\u0131 morguna konuldu.<\/p>\n","protected":false},"author":1,"featured_media":0,"comment_status":"open","ping_status":"open","sticky":false,"template":"","format":"standard","meta":{"_joinchat":[],"footnotes":""},"categories":[1],"tags":[],"class_list":["post-23887","post","type-post","status-publish","format-standard","category-toki"],"_links":{"self":[{"href":"https:\/\/www.karamantoki.com\/index.php\/wp-json\/wp\/v2\/posts\/23887","targetHints":{"allow":["GET"]}}],"collection":[{"href":"https:\/\/www.karamantoki.com\/index.php\/wp-json\/wp\/v2\/posts"}],"about":[{"href":"https:\/\/www.karamantoki.com\/index.php\/wp-json\/wp\/v2\/types\/post"}],"author":[{"embeddable":true,"href":"https:\/\/www.karamantoki.com\/index.php\/wp-json\/wp\/v2\/users\/1"}],"replies":[{"embeddable":true,"href":"https:\/\/www.karamantoki.com\/index.php\/wp-json\/wp\/v2\/comments?post=23887"}],"version-history":[{"count":0,"href":"https:\/\/www.karamantoki.com\/index.php\/wp-json\/wp\/v2\/posts\/23887\/revisions"}],"wp:attachment":[{"href":"https:\/\/www.karamantoki.com\/index.php\/wp-json\/wp\/v2\/media?parent=23887"}],"wp:term":[{"taxonomy":"category","embeddable":true,"href":"https:\/\/www.karamantoki.com\/index.php\/wp-json\/wp\/v2\/categories?post=23887"},{"taxonomy":"post_tag","embeddable":true,"href":"https:\/\/www.karamantoki.com\/index.php\/wp-json\/wp\/v2\/tags?post=23887"}],"curies":[{"name":"wp","href":"https:\/\/api.w.org\/{rel}","templated":true}]}}