{"id":23854,"date":"2026-08-31T13:50:13","date_gmt":"2026-08-31T13:50:13","guid":{"rendered":"https:\/\/www.karamantoki.com\/index.php\/2026\/08\/31\/devlet-memurlari-sendikasi-avrupanin-en-cok-calisan-ulkesi-olup-calisanlarinin-gecim-sikintisi-yasadigi-bir-ekonomik-duzen-surdurulebilir-degildir\/"},"modified":"2026-08-31T13:50:13","modified_gmt":"2026-08-31T13:50:13","slug":"devlet-memurlari-sendikasi-avrupanin-en-cok-calisan-ulkesi-olup-calisanlarinin-gecim-sikintisi-yasadigi-bir-ekonomik-duzen-surdurulebilir-degildir","status":"publish","type":"post","link":"https:\/\/www.karamantoki.com\/index.php\/2026\/08\/31\/devlet-memurlari-sendikasi-avrupanin-en-cok-calisan-ulkesi-olup-calisanlarinin-gecim-sikintisi-yasadigi-bir-ekonomik-duzen-surdurulebilir-degildir\/","title":{"rendered":"Devlet Memurlar\u0131 Sendikas\u0131: &quot;Avrupa\u2019n\u0131n en \u00e7ok \u00e7al\u0131\u015fan \u00fclkesi olup, \u00e7al\u0131\u015fanlar\u0131n\u0131n ge\u00e7im s\u0131k\u0131nt\u0131s\u0131 ya\u015fad\u0131\u011f\u0131 bir ekonomik d\u00fczen s\u00fcrd\u00fcr\u00fclebilir de\u011fildir&quot;"},"content":{"rendered":"<p>Devlet Memurlar\u0131 Sendikas\u0131 (DMS) Genel Ba\u015fkan\u0131 Tuncay Cengiz, T\u00fcrkiye&#8217;nin \u00e7al\u0131\u015fma s\u00fcrelerinin Avrupa&#8217;ya g\u00f6re y\u00fczde 18 daha uzun oldu\u011funu, ancak \u00e7al\u0131\u015fan\u0131n refah\u0131n\u0131 sa\u011flayacak bir \u00fccret alamad\u0131\u011f\u0131n\u0131 belirterek, &#8221; Avrupa&#8217;n\u0131n en \u00e7ok \u00e7al\u0131\u015fan \u00fclkesi olup, \u00e7al\u0131\u015fanlar\u0131n\u0131n ge\u00e7im s\u0131k\u0131nt\u0131s\u0131 ya\u015fad\u0131\u011f\u0131 bir ekonomik d\u00fczen s\u00fcrd\u00fcr\u00fclebilir de\u011fildir&#8221; ifadelerini kulland\u0131.<\/p>\n","protected":false},"excerpt":{"rendered":"<p>Devlet Memurlar\u0131 Sendikas\u0131 (DMS) Genel Ba\u015fkan\u0131 Tuncay Cengiz, T\u00fcrkiye&#8217;nin \u00e7al\u0131\u015fma s\u00fcrelerinin Avrupa&#8217;ya g\u00f6re y\u00fczde 18 daha uzun oldu\u011funu, ancak \u00e7al\u0131\u015fan\u0131n refah\u0131n\u0131 sa\u011flayacak bir \u00fccret alamad\u0131\u011f\u0131n\u0131 belirterek, &#8221; Avrupa&#8217;n\u0131n en \u00e7ok \u00e7al\u0131\u015fan \u00fclkesi olup, \u00e7al\u0131\u015fanlar\u0131n\u0131n ge\u00e7im s\u0131k\u0131nt\u0131s\u0131 ya\u015fad\u0131\u011f\u0131 bir ekonomik d\u00fczen s\u00fcrd\u00fcr\u00fclebilir de\u011fildir&#8221; ifadelerini kulland\u0131.<\/p>\n","protected":false},"author":1,"featured_media":0,"comment_status":"open","ping_status":"open","sticky":false,"template":"","format":"standard","meta":{"_joinchat":[],"footnotes":""},"categories":[1],"tags":[],"class_list":["post-23854","post","type-post","status-publish","format-standard","category-toki"],"_links":{"self":[{"href":"https:\/\/www.karamantoki.com\/index.php\/wp-json\/wp\/v2\/posts\/23854","targetHints":{"allow":["GET"]}}],"collection":[{"href":"https:\/\/www.karamantoki.com\/index.php\/wp-json\/wp\/v2\/posts"}],"about":[{"href":"https:\/\/www.karamantoki.com\/index.php\/wp-json\/wp\/v2\/types\/post"}],"author":[{"embeddable":true,"href":"https:\/\/www.karamantoki.com\/index.php\/wp-json\/wp\/v2\/users\/1"}],"replies":[{"embeddable":true,"href":"https:\/\/www.karamantoki.com\/index.php\/wp-json\/wp\/v2\/comments?post=23854"}],"version-history":[{"count":0,"href":"https:\/\/www.karamantoki.com\/index.php\/wp-json\/wp\/v2\/posts\/23854\/revisions"}],"wp:attachment":[{"href":"https:\/\/www.karamantoki.com\/index.php\/wp-json\/wp\/v2\/media?parent=23854"}],"wp:term":[{"taxonomy":"category","embeddable":true,"href":"https:\/\/www.karamantoki.com\/index.php\/wp-json\/wp\/v2\/categories?post=23854"},{"taxonomy":"post_tag","embeddable":true,"href":"https:\/\/www.karamantoki.com\/index.php\/wp-json\/wp\/v2\/tags?post=23854"}],"curies":[{"name":"wp","href":"https:\/\/api.w.org\/{rel}","templated":true}]}}