{"id":23842,"date":"2026-08-31T10:50:23","date_gmt":"2026-08-31T10:50:23","guid":{"rendered":"https:\/\/www.karamantoki.com\/index.php\/2026\/08\/31\/kusadasinda-dehset-tartistigi-kisiye-ates-acti-cocuk-da-yaralandi\/"},"modified":"2026-08-31T10:50:23","modified_gmt":"2026-08-31T10:50:23","slug":"kusadasinda-dehset-tartistigi-kisiye-ates-acti-cocuk-da-yaralandi","status":"publish","type":"post","link":"https:\/\/www.karamantoki.com\/index.php\/2026\/08\/31\/kusadasinda-dehset-tartistigi-kisiye-ates-acti-cocuk-da-yaralandi\/","title":{"rendered":"Ku\u015fadas\u0131&apos;nda deh\u015fet! Tart\u0131\u015ft\u0131\u011f\u0131 ki\u015fiye ate\u015f a\u00e7t\u0131, \u00e7ocuk da yaraland\u0131"},"content":{"rendered":"<p>Ayd\u0131n&#8217;\u0131n Ku\u015fadas\u0131 il\u00e7esinde telefonda ba\u015flayan tart\u0131\u015fma k\u0131sa s\u00fcre sonra silahl\u0131 sald\u0131r\u0131ya d\u00f6n\u00fc\u015ft\u00fc. Pompal\u0131 t\u00fcfekle ate\u015f a\u00e7t\u0131\u011f\u0131 \u00f6ne s\u00fcr\u00fclen Arif C.B.&#8217;nin hedefindeki Egemen Y. aya\u011f\u0131ndan yaralan\u0131rken, yerden seken sa\u00e7malar sokakta bulunan 14 ya\u015f\u0131ndaki Sema N.S.&#8217;nin baca\u011f\u0131na isabet etti. Hastaneye kald\u0131r\u0131lan iki yaral\u0131n\u0131n da hayati tehlikesinin bulunmad\u0131\u011f\u0131 \u00f6\u011frenilirken, polis \u015f\u00fcphelinin yakalanmas\u0131 i\u00e7in \u00e7al\u0131\u015fma ba\u015flatt\u0131.<\/p>\n","protected":false},"excerpt":{"rendered":"<p>Ayd\u0131n&#8217;\u0131n Ku\u015fadas\u0131 il\u00e7esinde telefonda ba\u015flayan tart\u0131\u015fma k\u0131sa s\u00fcre sonra silahl\u0131 sald\u0131r\u0131ya d\u00f6n\u00fc\u015ft\u00fc. Pompal\u0131 t\u00fcfekle ate\u015f a\u00e7t\u0131\u011f\u0131 \u00f6ne s\u00fcr\u00fclen Arif C.B.&#8217;nin hedefindeki Egemen Y. aya\u011f\u0131ndan yaralan\u0131rken, yerden seken sa\u00e7malar sokakta bulunan 14 ya\u015f\u0131ndaki Sema N.S.&#8217;nin baca\u011f\u0131na isabet etti. Hastaneye kald\u0131r\u0131lan iki yaral\u0131n\u0131n da hayati tehlikesinin bulunmad\u0131\u011f\u0131 \u00f6\u011frenilirken, polis \u015f\u00fcphelinin yakalanmas\u0131 i\u00e7in \u00e7al\u0131\u015fma ba\u015flatt\u0131.<\/p>\n","protected":false},"author":1,"featured_media":0,"comment_status":"open","ping_status":"open","sticky":false,"template":"","format":"standard","meta":{"_joinchat":[],"footnotes":""},"categories":[1],"tags":[],"class_list":["post-23842","post","type-post","status-publish","format-standard","category-toki"],"_links":{"self":[{"href":"https:\/\/www.karamantoki.com\/index.php\/wp-json\/wp\/v2\/posts\/23842","targetHints":{"allow":["GET"]}}],"collection":[{"href":"https:\/\/www.karamantoki.com\/index.php\/wp-json\/wp\/v2\/posts"}],"about":[{"href":"https:\/\/www.karamantoki.com\/index.php\/wp-json\/wp\/v2\/types\/post"}],"author":[{"embeddable":true,"href":"https:\/\/www.karamantoki.com\/index.php\/wp-json\/wp\/v2\/users\/1"}],"replies":[{"embeddable":true,"href":"https:\/\/www.karamantoki.com\/index.php\/wp-json\/wp\/v2\/comments?post=23842"}],"version-history":[{"count":0,"href":"https:\/\/www.karamantoki.com\/index.php\/wp-json\/wp\/v2\/posts\/23842\/revisions"}],"wp:attachment":[{"href":"https:\/\/www.karamantoki.com\/index.php\/wp-json\/wp\/v2\/media?parent=23842"}],"wp:term":[{"taxonomy":"category","embeddable":true,"href":"https:\/\/www.karamantoki.com\/index.php\/wp-json\/wp\/v2\/categories?post=23842"},{"taxonomy":"post_tag","embeddable":true,"href":"https:\/\/www.karamantoki.com\/index.php\/wp-json\/wp\/v2\/tags?post=23842"}],"curies":[{"name":"wp","href":"https:\/\/api.w.org\/{rel}","templated":true}]}}