{"id":23828,"date":"2026-08-31T08:51:25","date_gmt":"2026-08-31T08:51:25","guid":{"rendered":"https:\/\/www.karamantoki.com\/index.php\/2026\/08\/31\/girnedeki-gemi-faciasinda-baba-isyan-iki-evladim-oldu-en-buyuk-cezayi-alsinlar\/"},"modified":"2026-08-31T08:51:25","modified_gmt":"2026-08-31T08:51:25","slug":"girnedeki-gemi-faciasinda-baba-isyan-iki-evladim-oldu-en-buyuk-cezayi-alsinlar","status":"publish","type":"post","link":"https:\/\/www.karamantoki.com\/index.php\/2026\/08\/31\/girnedeki-gemi-faciasinda-baba-isyan-iki-evladim-oldu-en-buyuk-cezayi-alsinlar\/","title":{"rendered":"Girne&apos;deki Gemi Facias\u0131nda Baba \u0130syan: &apos;\u0130ki Evlad\u0131m \u00d6ld\u00fc, En B\u00fcy\u00fck Cezay\u0131 Als\u0131nlar&apos;"},"content":{"rendered":"<p>Girne a\u00e7\u0131klar\u0131nda alabora olan gemide 8 ki\u015fi hayat\u0131n\u0131 kaybetti, 18 ki\u015fi kay\u0131p. \u0130ki \u00e7ocu\u011funu kaybeden baba Hayri Bi\u00e7er, gemi m\u00fcrettebat\u0131ndan \u015fikayet\u00e7i oldu\u011funu ve en b\u00fcy\u00fck cezay\u0131 almalar\u0131n\u0131 istedi\u011fini s\u00f6yledi. Anne Ayten Bi\u00e7er ise &#8216;Ben nas\u0131l ya\u015fayaca\u011f\u0131m bilmiyorum&#8217; diyerek feryat etti.<\/p>\n","protected":false},"excerpt":{"rendered":"<p>Girne a\u00e7\u0131klar\u0131nda alabora olan gemide 8 ki\u015fi hayat\u0131n\u0131 kaybetti, 18 ki\u015fi kay\u0131p. \u0130ki \u00e7ocu\u011funu kaybeden baba Hayri Bi\u00e7er, gemi m\u00fcrettebat\u0131ndan \u015fikayet\u00e7i oldu\u011funu ve en b\u00fcy\u00fck cezay\u0131 almalar\u0131n\u0131 istedi\u011fini s\u00f6yledi. Anne Ayten Bi\u00e7er ise &#8216;Ben nas\u0131l ya\u015fayaca\u011f\u0131m bilmiyorum&#8217; diyerek feryat etti.<\/p>\n","protected":false},"author":1,"featured_media":0,"comment_status":"open","ping_status":"open","sticky":false,"template":"","format":"standard","meta":{"_joinchat":[],"footnotes":""},"categories":[1],"tags":[],"class_list":["post-23828","post","type-post","status-publish","format-standard","category-toki"],"_links":{"self":[{"href":"https:\/\/www.karamantoki.com\/index.php\/wp-json\/wp\/v2\/posts\/23828","targetHints":{"allow":["GET"]}}],"collection":[{"href":"https:\/\/www.karamantoki.com\/index.php\/wp-json\/wp\/v2\/posts"}],"about":[{"href":"https:\/\/www.karamantoki.com\/index.php\/wp-json\/wp\/v2\/types\/post"}],"author":[{"embeddable":true,"href":"https:\/\/www.karamantoki.com\/index.php\/wp-json\/wp\/v2\/users\/1"}],"replies":[{"embeddable":true,"href":"https:\/\/www.karamantoki.com\/index.php\/wp-json\/wp\/v2\/comments?post=23828"}],"version-history":[{"count":0,"href":"https:\/\/www.karamantoki.com\/index.php\/wp-json\/wp\/v2\/posts\/23828\/revisions"}],"wp:attachment":[{"href":"https:\/\/www.karamantoki.com\/index.php\/wp-json\/wp\/v2\/media?parent=23828"}],"wp:term":[{"taxonomy":"category","embeddable":true,"href":"https:\/\/www.karamantoki.com\/index.php\/wp-json\/wp\/v2\/categories?post=23828"},{"taxonomy":"post_tag","embeddable":true,"href":"https:\/\/www.karamantoki.com\/index.php\/wp-json\/wp\/v2\/tags?post=23828"}],"curies":[{"name":"wp","href":"https:\/\/api.w.org\/{rel}","templated":true}]}}