{"id":23816,"date":"2026-08-31T07:50:14","date_gmt":"2026-08-31T07:50:14","guid":{"rendered":"https:\/\/www.karamantoki.com\/index.php\/2026\/08\/31\/ilber-ortaylinin-kizi-son-anlarini-anlatti-guzel-bir-veda-oldu\/"},"modified":"2026-08-31T07:50:14","modified_gmt":"2026-08-31T07:50:14","slug":"ilber-ortaylinin-kizi-son-anlarini-anlatti-guzel-bir-veda-oldu","status":"publish","type":"post","link":"https:\/\/www.karamantoki.com\/index.php\/2026\/08\/31\/ilber-ortaylinin-kizi-son-anlarini-anlatti-guzel-bir-veda-oldu\/","title":{"rendered":"\u0130lber Ortayl\u0131&apos;n\u0131n k\u0131z\u0131 son anlar\u0131n\u0131 anlatt\u0131: G\u00fczel bir veda oldu"},"content":{"rendered":"<p>Hayat\u0131n\u0131 kaybeden tarih\u00e7i Prof. Dr. \u0130lber Ortayl\u0131&#8217;n\u0131n k\u0131z\u0131 Tuna Ortayl\u0131, kat\u0131ld\u0131\u011f\u0131 yay\u0131nda babas\u0131n\u0131n hastanedeki son d\u00f6nemine ili\u015fkin duygusal a\u00e7\u0131klamalarda bulundu. Babas\u0131n\u0131n hastal\u0131klar\u0131na ve tedavi s\u00fcre\u00e7lerine ra\u011fmen seyahat etmeyi s\u00fcrd\u00fcrd\u00fc\u011f\u00fcn\u00fc anlatan Ortayl\u0131, \u201cHastanede yan\u0131 ba\u015f\u0131nda olmak, benim i\u00e7in de g\u00fczel bir veda \u015fans\u0131 oldu\u201d dedi. Tuna Ortayl\u0131, babas\u0131n\u0131n nerede defnedilmek istedi\u011fine ili\u015fkin y\u0131llar i\u00e7inde de\u011fi\u015fen taleplerini ve kulland\u0131\u011f\u0131 7 evin hikayesini de anlatt\u0131.<\/p>\n","protected":false},"excerpt":{"rendered":"<p>Hayat\u0131n\u0131 kaybeden tarih\u00e7i Prof. Dr. \u0130lber Ortayl\u0131&#8217;n\u0131n k\u0131z\u0131 Tuna Ortayl\u0131, kat\u0131ld\u0131\u011f\u0131 yay\u0131nda babas\u0131n\u0131n hastanedeki son d\u00f6nemine ili\u015fkin duygusal a\u00e7\u0131klamalarda bulundu. Babas\u0131n\u0131n hastal\u0131klar\u0131na ve tedavi s\u00fcre\u00e7lerine ra\u011fmen seyahat etmeyi s\u00fcrd\u00fcrd\u00fc\u011f\u00fcn\u00fc anlatan Ortayl\u0131, \u201cHastanede yan\u0131 ba\u015f\u0131nda olmak, benim i\u00e7in de g\u00fczel bir veda \u015fans\u0131 oldu\u201d dedi. Tuna Ortayl\u0131, babas\u0131n\u0131n nerede defnedilmek istedi\u011fine ili\u015fkin y\u0131llar i\u00e7inde de\u011fi\u015fen taleplerini [&hellip;]<\/p>\n","protected":false},"author":1,"featured_media":0,"comment_status":"open","ping_status":"open","sticky":false,"template":"","format":"standard","meta":{"_joinchat":[],"footnotes":""},"categories":[1],"tags":[],"class_list":["post-23816","post","type-post","status-publish","format-standard","category-toki"],"_links":{"self":[{"href":"https:\/\/www.karamantoki.com\/index.php\/wp-json\/wp\/v2\/posts\/23816","targetHints":{"allow":["GET"]}}],"collection":[{"href":"https:\/\/www.karamantoki.com\/index.php\/wp-json\/wp\/v2\/posts"}],"about":[{"href":"https:\/\/www.karamantoki.com\/index.php\/wp-json\/wp\/v2\/types\/post"}],"author":[{"embeddable":true,"href":"https:\/\/www.karamantoki.com\/index.php\/wp-json\/wp\/v2\/users\/1"}],"replies":[{"embeddable":true,"href":"https:\/\/www.karamantoki.com\/index.php\/wp-json\/wp\/v2\/comments?post=23816"}],"version-history":[{"count":0,"href":"https:\/\/www.karamantoki.com\/index.php\/wp-json\/wp\/v2\/posts\/23816\/revisions"}],"wp:attachment":[{"href":"https:\/\/www.karamantoki.com\/index.php\/wp-json\/wp\/v2\/media?parent=23816"}],"wp:term":[{"taxonomy":"category","embeddable":true,"href":"https:\/\/www.karamantoki.com\/index.php\/wp-json\/wp\/v2\/categories?post=23816"},{"taxonomy":"post_tag","embeddable":true,"href":"https:\/\/www.karamantoki.com\/index.php\/wp-json\/wp\/v2\/tags?post=23816"}],"curies":[{"name":"wp","href":"https:\/\/api.w.org\/{rel}","templated":true}]}}