{"id":23814,"date":"2026-08-31T07:50:14","date_gmt":"2026-08-31T07:50:14","guid":{"rendered":"https:\/\/www.karamantoki.com\/index.php\/2026\/08\/31\/tuik-temmuz-ayi-issizlik-verilerini-acikladi-oran-yuzde-81e-yukseldi\/"},"modified":"2026-08-31T07:50:14","modified_gmt":"2026-08-31T07:50:14","slug":"tuik-temmuz-ayi-issizlik-verilerini-acikladi-oran-yuzde-81e-yukseldi","status":"publish","type":"post","link":"https:\/\/www.karamantoki.com\/index.php\/2026\/08\/31\/tuik-temmuz-ayi-issizlik-verilerini-acikladi-oran-yuzde-81e-yukseldi\/","title":{"rendered":"T\u00dc\u0130K Temmuz Ay\u0131 \u0130\u015fsizlik Verilerini A\u00e7\u0131klad\u0131: Oran Y\u00fczde 8,1&apos;e Y\u00fckseldi"},"content":{"rendered":"<p>T\u00fcrkiye \u0130statistik Kurumu (T\u00dc\u0130K) verilerine g\u00f6re, temmuz ay\u0131nda i\u015fsizlik oran\u0131 bir \u00f6nceki d\u00f6neme g\u00f6re 0,5 puan artarak y\u00fczde 8,1 seviyesine y\u00fckseldi. Bu art\u0131\u015f, iki ayd\u0131r s\u00fcren d\u00fc\u015f\u00fc\u015f e\u011filiminin sona erdi\u011fine i\u015faret ediyor. \u0130\u015fg\u00fcc\u00fc piyasas\u0131ndaki bu geli\u015fme, ekonomik dalgalanmalar\u0131n istihdam \u00fczerindeki etkisini g\u00f6zler \u00f6n\u00fcne seriyor.<\/p>\n","protected":false},"excerpt":{"rendered":"<p>T\u00fcrkiye \u0130statistik Kurumu (T\u00dc\u0130K) verilerine g\u00f6re, temmuz ay\u0131nda i\u015fsizlik oran\u0131 bir \u00f6nceki d\u00f6neme g\u00f6re 0,5 puan artarak y\u00fczde 8,1 seviyesine y\u00fckseldi. Bu art\u0131\u015f, iki ayd\u0131r s\u00fcren d\u00fc\u015f\u00fc\u015f e\u011filiminin sona erdi\u011fine i\u015faret ediyor. \u0130\u015fg\u00fcc\u00fc piyasas\u0131ndaki bu geli\u015fme, ekonomik dalgalanmalar\u0131n istihdam \u00fczerindeki etkisini g\u00f6zler \u00f6n\u00fcne seriyor.<\/p>\n","protected":false},"author":1,"featured_media":0,"comment_status":"open","ping_status":"open","sticky":false,"template":"","format":"standard","meta":{"_joinchat":[],"footnotes":""},"categories":[1],"tags":[],"class_list":["post-23814","post","type-post","status-publish","format-standard","category-toki"],"_links":{"self":[{"href":"https:\/\/www.karamantoki.com\/index.php\/wp-json\/wp\/v2\/posts\/23814","targetHints":{"allow":["GET"]}}],"collection":[{"href":"https:\/\/www.karamantoki.com\/index.php\/wp-json\/wp\/v2\/posts"}],"about":[{"href":"https:\/\/www.karamantoki.com\/index.php\/wp-json\/wp\/v2\/types\/post"}],"author":[{"embeddable":true,"href":"https:\/\/www.karamantoki.com\/index.php\/wp-json\/wp\/v2\/users\/1"}],"replies":[{"embeddable":true,"href":"https:\/\/www.karamantoki.com\/index.php\/wp-json\/wp\/v2\/comments?post=23814"}],"version-history":[{"count":0,"href":"https:\/\/www.karamantoki.com\/index.php\/wp-json\/wp\/v2\/posts\/23814\/revisions"}],"wp:attachment":[{"href":"https:\/\/www.karamantoki.com\/index.php\/wp-json\/wp\/v2\/media?parent=23814"}],"wp:term":[{"taxonomy":"category","embeddable":true,"href":"https:\/\/www.karamantoki.com\/index.php\/wp-json\/wp\/v2\/categories?post=23814"},{"taxonomy":"post_tag","embeddable":true,"href":"https:\/\/www.karamantoki.com\/index.php\/wp-json\/wp\/v2\/tags?post=23814"}],"curies":[{"name":"wp","href":"https:\/\/api.w.org\/{rel}","templated":true}]}}