{"id":23812,"date":"2026-08-31T07:50:13","date_gmt":"2026-08-31T07:50:13","guid":{"rendered":"https:\/\/www.karamantoki.com\/index.php\/2026\/08\/31\/amedspor-trabzonspor-maci-oncesi-haciosmanoglunun-o-sozlerini-paylasmayan-kalmadi\/"},"modified":"2026-08-31T07:50:13","modified_gmt":"2026-08-31T07:50:13","slug":"amedspor-trabzonspor-maci-oncesi-haciosmanoglunun-o-sozlerini-paylasmayan-kalmadi","status":"publish","type":"post","link":"https:\/\/www.karamantoki.com\/index.php\/2026\/08\/31\/amedspor-trabzonspor-maci-oncesi-haciosmanoglunun-o-sozlerini-paylasmayan-kalmadi\/","title":{"rendered":"Amedspor-Trabzonspor ma\u00e7\u0131 \u00f6ncesi Hac\u0131osmano\u011flu&apos;nun o s\u00f6zlerini payla\u015fmayan kalmad\u0131"},"content":{"rendered":"<p>Amed Sportif Faaliyetler ile Trabzonspor&#8217;un Diyarbak\u0131r&#8217;da kar\u015f\u0131la\u015faca\u011f\u0131 m\u00fccadele \u00f6ncesinde TFF Ba\u015fkan\u0131 \u0130brahim Ethem Hac\u0131osmano\u011flu&#8217;nun ge\u00e7mi\u015fte yapt\u0131\u011f\u0131 a\u00e7\u0131klama yeniden hat\u0131rland\u0131. Hac\u0131osmano\u011flu&#8217;nun, &#8220;Hakemlere s\u00f6yleyece\u011fim \u015fey \u015fu, e\u011fer Trabzonspor ile Diyarbak\u0131rspor oynuyorsa c\u00fczi de olsa bir takdir hakk\u0131n varsa o takdir hakk\u0131n\u0131 Diyarbak\u0131rspor&#8217;dan yana kullanacaks\u0131n&#8221; s\u00f6zleri ma\u00e7 \u00f6ncesi dikkat \u00e7ekti.<\/p>\n","protected":false},"excerpt":{"rendered":"<p>Amed Sportif Faaliyetler ile Trabzonspor&#8217;un Diyarbak\u0131r&#8217;da kar\u015f\u0131la\u015faca\u011f\u0131 m\u00fccadele \u00f6ncesinde TFF Ba\u015fkan\u0131 \u0130brahim Ethem Hac\u0131osmano\u011flu&#8217;nun ge\u00e7mi\u015fte yapt\u0131\u011f\u0131 a\u00e7\u0131klama yeniden hat\u0131rland\u0131. Hac\u0131osmano\u011flu&#8217;nun, &#8220;Hakemlere s\u00f6yleyece\u011fim \u015fey \u015fu, e\u011fer Trabzonspor ile Diyarbak\u0131rspor oynuyorsa c\u00fczi de olsa bir takdir hakk\u0131n varsa o takdir hakk\u0131n\u0131 Diyarbak\u0131rspor&#8217;dan yana kullanacaks\u0131n&#8221; s\u00f6zleri ma\u00e7 \u00f6ncesi dikkat \u00e7ekti.<\/p>\n","protected":false},"author":1,"featured_media":0,"comment_status":"open","ping_status":"open","sticky":false,"template":"","format":"standard","meta":{"_joinchat":[],"footnotes":""},"categories":[1],"tags":[],"class_list":["post-23812","post","type-post","status-publish","format-standard","category-toki"],"_links":{"self":[{"href":"https:\/\/www.karamantoki.com\/index.php\/wp-json\/wp\/v2\/posts\/23812","targetHints":{"allow":["GET"]}}],"collection":[{"href":"https:\/\/www.karamantoki.com\/index.php\/wp-json\/wp\/v2\/posts"}],"about":[{"href":"https:\/\/www.karamantoki.com\/index.php\/wp-json\/wp\/v2\/types\/post"}],"author":[{"embeddable":true,"href":"https:\/\/www.karamantoki.com\/index.php\/wp-json\/wp\/v2\/users\/1"}],"replies":[{"embeddable":true,"href":"https:\/\/www.karamantoki.com\/index.php\/wp-json\/wp\/v2\/comments?post=23812"}],"version-history":[{"count":0,"href":"https:\/\/www.karamantoki.com\/index.php\/wp-json\/wp\/v2\/posts\/23812\/revisions"}],"wp:attachment":[{"href":"https:\/\/www.karamantoki.com\/index.php\/wp-json\/wp\/v2\/media?parent=23812"}],"wp:term":[{"taxonomy":"category","embeddable":true,"href":"https:\/\/www.karamantoki.com\/index.php\/wp-json\/wp\/v2\/categories?post=23812"},{"taxonomy":"post_tag","embeddable":true,"href":"https:\/\/www.karamantoki.com\/index.php\/wp-json\/wp\/v2\/tags?post=23812"}],"curies":[{"name":"wp","href":"https:\/\/api.w.org\/{rel}","templated":true}]}}