{"id":2326,"date":"2025-11-06T19:03:37","date_gmt":"2025-11-06T19:03:37","guid":{"rendered":"https:\/\/www.karamantoki.com\/index.php\/2025\/11\/06\/turkiye-o-alanlarda-avrupanin-zirvesinde-bakan-duyurdu\/"},"modified":"2025-11-06T19:03:37","modified_gmt":"2025-11-06T19:03:37","slug":"turkiye-o-alanlarda-avrupanin-zirvesinde-bakan-duyurdu","status":"publish","type":"post","link":"https:\/\/www.karamantoki.com\/index.php\/2025\/11\/06\/turkiye-o-alanlarda-avrupanin-zirvesinde-bakan-duyurdu\/","title":{"rendered":"T\u00fcrkiye o alanlarda Avrupa&#8217;n\u0131n zirvesinde! Bakan duyurdu"},"content":{"rendered":"<p><img decoding=\"async\" src=\"https:\/\/iaahbr.tmgrup.com.tr\/f5ec5f\/1200\/675\/0\/0\/864\/486?u=https:\/\/iahbr.tmgrup.com.tr\/2025\/11\/06\/turkiye-o-alanlarda-avrupanin-zirvesinde-bakan-duyurdu-1762451968437.jpeg\" alt=\"T\u00fcrkiye o alanlarda Avrupa'n\u0131n zirvesinde! Bakan duyurdu\"><br \/>Sanayi ve Teknoloji Bakan\u0131 Mehmet Fatih Kac\u0131r, \u00e7e\u015fitli temaslarda bulunmak \u00fczere geldi\u011fi \u015e\u0131rnak&#8217;ta T\u00fcrkiye&#8217;nin Avrupa&#8217;da bir\u00e7ok alanda bir numara oldu\u011funu s\u00f6yledi. \u00d6zellikle demir \u00e7elik, ticari ara\u00e7, beyaz&#8230;<a href=\"https:\/\/www.ahaber.com.tr\/ekonomi\/2025\/11\/06\/turkiye-o-alanlarda-avrupanin-zirvesinde-bakan-duyurdu\">Devam\u0131 i\u00e7in t\u0131klay\u0131n\u0131z<\/a><\/p>\n","protected":false},"excerpt":{"rendered":"<p>Sanayi ve Teknoloji Bakan\u0131 Mehmet Fatih Kac\u0131r, \u00e7e\u015fitli temaslarda bulunmak \u00fczere geldi\u011fi \u015e\u0131rnak&#8217;ta T\u00fcrkiye&#8217;nin Avrupa&#8217;da bir\u00e7ok alanda bir numara oldu\u011funu s\u00f6yledi. \u00d6zellikle demir \u00e7elik, ticari ara\u00e7, beyaz&#8230;Devam\u0131 i\u00e7in t\u0131klay\u0131n\u0131z<\/p>\n","protected":false},"author":1,"featured_media":0,"comment_status":"open","ping_status":"open","sticky":false,"template":"","format":"standard","meta":{"_joinchat":[],"footnotes":""},"categories":[32],"tags":[],"class_list":{"0":"post-2326","1":"post","2":"type-post","3":"status-publish","4":"format-standard","6":"category-ekonomi"},"_links":{"self":[{"href":"https:\/\/www.karamantoki.com\/index.php\/wp-json\/wp\/v2\/posts\/2326","targetHints":{"allow":["GET"]}}],"collection":[{"href":"https:\/\/www.karamantoki.com\/index.php\/wp-json\/wp\/v2\/posts"}],"about":[{"href":"https:\/\/www.karamantoki.com\/index.php\/wp-json\/wp\/v2\/types\/post"}],"author":[{"embeddable":true,"href":"https:\/\/www.karamantoki.com\/index.php\/wp-json\/wp\/v2\/users\/1"}],"replies":[{"embeddable":true,"href":"https:\/\/www.karamantoki.com\/index.php\/wp-json\/wp\/v2\/comments?post=2326"}],"version-history":[{"count":0,"href":"https:\/\/www.karamantoki.com\/index.php\/wp-json\/wp\/v2\/posts\/2326\/revisions"}],"wp:attachment":[{"href":"https:\/\/www.karamantoki.com\/index.php\/wp-json\/wp\/v2\/media?parent=2326"}],"wp:term":[{"taxonomy":"category","embeddable":true,"href":"https:\/\/www.karamantoki.com\/index.php\/wp-json\/wp\/v2\/categories?post=2326"},{"taxonomy":"post_tag","embeddable":true,"href":"https:\/\/www.karamantoki.com\/index.php\/wp-json\/wp\/v2\/tags?post=2326"}],"curies":[{"name":"wp","href":"https:\/\/api.w.org\/{rel}","templated":true}]}}