{"id":2313,"date":"2025-11-06T08:03:47","date_gmt":"2025-11-06T08:03:47","guid":{"rendered":"https:\/\/www.karamantoki.com\/index.php\/2025\/11\/06\/vergi-ve-harclara-indirim-mi-olacak-bakan-simsek-daha-dusuk-oranda-yapmak-gundemimizde\/"},"modified":"2025-11-06T08:03:47","modified_gmt":"2025-11-06T08:03:47","slug":"vergi-ve-harclara-indirim-mi-olacak-bakan-simsek-daha-dusuk-oranda-yapmak-gundemimizde","status":"publish","type":"post","link":"https:\/\/www.karamantoki.com\/index.php\/2025\/11\/06\/vergi-ve-harclara-indirim-mi-olacak-bakan-simsek-daha-dusuk-oranda-yapmak-gundemimizde\/","title":{"rendered":"Vergi ve har\u00e7lara indirim mi olacak? Bakan \u015eim\u015fek: Daha d\u00fc\u015f\u00fck oranda yapmak g\u00fcndemimizde"},"content":{"rendered":"<p><img decoding=\"async\" src=\"https:\/\/iaahbr.tmgrup.com.tr\/232b44\/1200\/675\/0\/0\/864\/486?u=https:\/\/iahbr.tmgrup.com.tr\/2025\/11\/06\/vergi-ve-harclara-indirim-mi-olacak-bakan-simsek-daha-dusuk-oranda-yapmak-gundemimizde-1762414685653.jpeg\" alt=\"Vergi ve har\u00e7lara indirim mi olacak? Bakan \u015eim\u015fek: Daha d\u00fc\u015f\u00fck oranda yapmak g\u00fcndemimizde\"><br \/>Hazine ve Maliye Bakan\u0131 Mehmet \u015eim\u015fek yapt\u0131\u011f\u0131 a\u00e7\u0131klamada &#8220;Vergi ve har\u00e7lardaki g\u00fcncellemenin yeniden de\u011ferleme oran\u0131 yerine enflasyon &#8211; hedeflerini dikkate alarak b\u00fct\u00e7e imk\u00e2nlar\u0131 do\u011frultusunda daha d\u00fc\u015f\u00fck&#8230;<a href=\"https:\/\/www.ahaber.com.tr\/ekonomi\/2025\/11\/06\/vergi-ve-harclara-indirim-mi-olacak-bakan-simsek-daha-dusuk-oranda-yapmak-gundemimizde\">Devam\u0131 i\u00e7in t\u0131klay\u0131n\u0131z<\/a><\/p>\n","protected":false},"excerpt":{"rendered":"<p>Hazine ve Maliye Bakan\u0131 Mehmet \u015eim\u015fek yapt\u0131\u011f\u0131 a\u00e7\u0131klamada &#8220;Vergi ve har\u00e7lardaki g\u00fcncellemenin yeniden de\u011ferleme oran\u0131 yerine enflasyon &#8211; hedeflerini dikkate alarak b\u00fct\u00e7e imk\u00e2nlar\u0131 do\u011frultusunda daha d\u00fc\u015f\u00fck&#8230;Devam\u0131 i\u00e7in t\u0131klay\u0131n\u0131z<\/p>\n","protected":false},"author":1,"featured_media":0,"comment_status":"open","ping_status":"open","sticky":false,"template":"","format":"standard","meta":{"_joinchat":[],"footnotes":""},"categories":[32],"tags":[],"class_list":{"0":"post-2313","1":"post","2":"type-post","3":"status-publish","4":"format-standard","6":"category-ekonomi"},"_links":{"self":[{"href":"https:\/\/www.karamantoki.com\/index.php\/wp-json\/wp\/v2\/posts\/2313","targetHints":{"allow":["GET"]}}],"collection":[{"href":"https:\/\/www.karamantoki.com\/index.php\/wp-json\/wp\/v2\/posts"}],"about":[{"href":"https:\/\/www.karamantoki.com\/index.php\/wp-json\/wp\/v2\/types\/post"}],"author":[{"embeddable":true,"href":"https:\/\/www.karamantoki.com\/index.php\/wp-json\/wp\/v2\/users\/1"}],"replies":[{"embeddable":true,"href":"https:\/\/www.karamantoki.com\/index.php\/wp-json\/wp\/v2\/comments?post=2313"}],"version-history":[{"count":0,"href":"https:\/\/www.karamantoki.com\/index.php\/wp-json\/wp\/v2\/posts\/2313\/revisions"}],"wp:attachment":[{"href":"https:\/\/www.karamantoki.com\/index.php\/wp-json\/wp\/v2\/media?parent=2313"}],"wp:term":[{"taxonomy":"category","embeddable":true,"href":"https:\/\/www.karamantoki.com\/index.php\/wp-json\/wp\/v2\/categories?post=2313"},{"taxonomy":"post_tag","embeddable":true,"href":"https:\/\/www.karamantoki.com\/index.php\/wp-json\/wp\/v2\/tags?post=2313"}],"curies":[{"name":"wp","href":"https:\/\/api.w.org\/{rel}","templated":true}]}}