{"id":2305,"date":"2025-11-05T09:02:44","date_gmt":"2025-11-05T09:02:44","guid":{"rendered":"https:\/\/www.karamantoki.com\/index.php\/2025\/11\/05\/yeni-kidem-tazminati-ne-kadar-olacak-faruk-erdem-a-haberde-yanitladi\/"},"modified":"2025-11-05T09:02:44","modified_gmt":"2025-11-05T09:02:44","slug":"yeni-kidem-tazminati-ne-kadar-olacak-faruk-erdem-a-haberde-yanitladi","status":"publish","type":"post","link":"https:\/\/www.karamantoki.com\/index.php\/2025\/11\/05\/yeni-kidem-tazminati-ne-kadar-olacak-faruk-erdem-a-haberde-yanitladi\/","title":{"rendered":"Yeni k\u0131dem tazminat\u0131 ne kadar olacak? Faruk Erdem A Haber&#8217;de yan\u0131tlad\u0131"},"content":{"rendered":"<p><img decoding=\"async\" src=\"https:\/\/iaahbr.tmgrup.com.tr\/36c8d1\/1200\/675\/0\/0\/729\/410?u=https:\/\/iahbr.tmgrup.com.tr\/2025\/11\/05\/yeni-kidem-tazminati-ne-kadar-olacak-faruk-erdem-a-haberde-yanitladi-1762332668431.jpg\" alt=\"Yeni k\u0131dem tazminat\u0131 ne kadar olacak? Faruk Erdem A Haber'de yan\u0131tlad\u0131\"><br \/>Yeni d\u00f6nemde k\u0131dem tazminat\u0131 tavan\u0131 ne kadar olacak? K\u0131dem tazminat\u0131 nas\u0131l hesaplan\u0131r? Takvim Gazetesi Genel Yay\u0131n Y\u00f6netmeni Faruk Erdem, A Haber canl\u0131 yay\u0131n\u0131nda yan\u0131tlad\u0131. Erdem, Milli E\u011fitim Bakan\u0131 Yusuf&#8230;<a href=\"https:\/\/www.ahaber.com.tr\/viral\/galeri\/tikla\/yeni-kidem-tazminati-ne-kadar-olacak-faruk-erdem-a-haberde-yanitladi\">Devam\u0131 i\u00e7in t\u0131klay\u0131n\u0131z<\/a><\/p>\n","protected":false},"excerpt":{"rendered":"<p>Yeni d\u00f6nemde k\u0131dem tazminat\u0131 tavan\u0131 ne kadar olacak? K\u0131dem tazminat\u0131 nas\u0131l hesaplan\u0131r? Takvim Gazetesi Genel Yay\u0131n Y\u00f6netmeni Faruk Erdem, A Haber canl\u0131 yay\u0131n\u0131nda yan\u0131tlad\u0131. Erdem, Milli E\u011fitim Bakan\u0131 Yusuf&#8230;Devam\u0131 i\u00e7in t\u0131klay\u0131n\u0131z<\/p>\n","protected":false},"author":1,"featured_media":0,"comment_status":"open","ping_status":"open","sticky":false,"template":"","format":"standard","meta":{"_joinchat":[],"footnotes":""},"categories":[32],"tags":[],"class_list":{"0":"post-2305","1":"post","2":"type-post","3":"status-publish","4":"format-standard","6":"category-ekonomi"},"_links":{"self":[{"href":"https:\/\/www.karamantoki.com\/index.php\/wp-json\/wp\/v2\/posts\/2305","targetHints":{"allow":["GET"]}}],"collection":[{"href":"https:\/\/www.karamantoki.com\/index.php\/wp-json\/wp\/v2\/posts"}],"about":[{"href":"https:\/\/www.karamantoki.com\/index.php\/wp-json\/wp\/v2\/types\/post"}],"author":[{"embeddable":true,"href":"https:\/\/www.karamantoki.com\/index.php\/wp-json\/wp\/v2\/users\/1"}],"replies":[{"embeddable":true,"href":"https:\/\/www.karamantoki.com\/index.php\/wp-json\/wp\/v2\/comments?post=2305"}],"version-history":[{"count":0,"href":"https:\/\/www.karamantoki.com\/index.php\/wp-json\/wp\/v2\/posts\/2305\/revisions"}],"wp:attachment":[{"href":"https:\/\/www.karamantoki.com\/index.php\/wp-json\/wp\/v2\/media?parent=2305"}],"wp:term":[{"taxonomy":"category","embeddable":true,"href":"https:\/\/www.karamantoki.com\/index.php\/wp-json\/wp\/v2\/categories?post=2305"},{"taxonomy":"post_tag","embeddable":true,"href":"https:\/\/www.karamantoki.com\/index.php\/wp-json\/wp\/v2\/tags?post=2305"}],"curies":[{"name":"wp","href":"https:\/\/api.w.org\/{rel}","templated":true}]}}