{"id":2273,"date":"2025-11-03T07:03:14","date_gmt":"2025-11-03T07:03:14","guid":{"rendered":"https:\/\/www.karamantoki.com\/index.php\/2025\/11\/03\/yeniden-degerleme-orani-2026-pasaport-vergi-harc-mtv-ve-imei-ucretleri-ne-kadar-olacak-iste-kalem-kalem-artan-ucretler\/"},"modified":"2025-11-03T07:03:14","modified_gmt":"2025-11-03T07:03:14","slug":"yeniden-degerleme-orani-2026-pasaport-vergi-harc-mtv-ve-imei-ucretleri-ne-kadar-olacak-iste-kalem-kalem-artan-ucretler","status":"publish","type":"post","link":"https:\/\/www.karamantoki.com\/index.php\/2025\/11\/03\/yeniden-degerleme-orani-2026-pasaport-vergi-harc-mtv-ve-imei-ucretleri-ne-kadar-olacak-iste-kalem-kalem-artan-ucretler\/","title":{"rendered":"Yeniden De\u011ferleme Oran\u0131 2026: Pasaport, vergi, har\u00e7, MTV ve IMEI \u00fccretleri ne kadar olacak? \u0130\u015fte kalem kalem artan \u00fccretler"},"content":{"rendered":"<p><img decoding=\"async\" src=\"https:\/\/iaahbr.tmgrup.com.tr\/aa17de\/1200\/675\/0\/75\/724\/483?u=https:\/\/iahbr.tmgrup.com.tr\/2025\/11\/03\/yeniden-degerleme-orani-2026-pasaport-vergi-harc-mtv-ve-imei-ucretleri-ne-kadar-olacak-iste-kalem-kalem-artan-1762150600441.jpg\" alt=\"Yeniden De\u011ferleme Oran\u0131 2026: Pasaport, vergi, har\u00e7, MTV ve IMEI \u00fccretleri ne kadar olacak? \u0130\u015fte kalem kalem artan \u00fccretler\"><br \/>2026 y\u0131l\u0131na say\u0131l\u0131 g\u00fcnler kala g\u00f6zler Yeniden De\u011ferleme Oran\u0131&#8217;na \u00e7evrildi. Her y\u0131l kas\u0131m ay\u0131nda T\u00dc\u0130K taraf\u0131ndan a\u00e7\u0131klanan ekim ay\u0131 \u00dcFE verilerinin 12 ayl\u0131k ortalamas\u0131yla belirlenen bu oran, yeni y\u0131lda&#8230;<a href=\"https:\/\/www.ahaber.com.tr\/viral\/galeri\/liste\/yeniden-degerleme-orani-2026-pasaport-vergi-harc-mtv-ve-imei-ucretleri-ne-kadar-olacak-iste-kalem-kalem-artan-ucretler\">Devam\u0131 i\u00e7in t\u0131klay\u0131n\u0131z<\/a><\/p>\n","protected":false},"excerpt":{"rendered":"<p>2026 y\u0131l\u0131na say\u0131l\u0131 g\u00fcnler kala g\u00f6zler Yeniden De\u011ferleme Oran\u0131&#8217;na \u00e7evrildi. Her y\u0131l kas\u0131m ay\u0131nda T\u00dc\u0130K taraf\u0131ndan a\u00e7\u0131klanan ekim ay\u0131 \u00dcFE verilerinin 12 ayl\u0131k ortalamas\u0131yla belirlenen bu oran, yeni y\u0131lda&#8230;Devam\u0131 i\u00e7in t\u0131klay\u0131n\u0131z<\/p>\n","protected":false},"author":1,"featured_media":0,"comment_status":"open","ping_status":"open","sticky":false,"template":"","format":"standard","meta":{"_joinchat":[],"footnotes":""},"categories":[32],"tags":[],"class_list":{"0":"post-2273","1":"post","2":"type-post","3":"status-publish","4":"format-standard","6":"category-ekonomi"},"_links":{"self":[{"href":"https:\/\/www.karamantoki.com\/index.php\/wp-json\/wp\/v2\/posts\/2273","targetHints":{"allow":["GET"]}}],"collection":[{"href":"https:\/\/www.karamantoki.com\/index.php\/wp-json\/wp\/v2\/posts"}],"about":[{"href":"https:\/\/www.karamantoki.com\/index.php\/wp-json\/wp\/v2\/types\/post"}],"author":[{"embeddable":true,"href":"https:\/\/www.karamantoki.com\/index.php\/wp-json\/wp\/v2\/users\/1"}],"replies":[{"embeddable":true,"href":"https:\/\/www.karamantoki.com\/index.php\/wp-json\/wp\/v2\/comments?post=2273"}],"version-history":[{"count":0,"href":"https:\/\/www.karamantoki.com\/index.php\/wp-json\/wp\/v2\/posts\/2273\/revisions"}],"wp:attachment":[{"href":"https:\/\/www.karamantoki.com\/index.php\/wp-json\/wp\/v2\/media?parent=2273"}],"wp:term":[{"taxonomy":"category","embeddable":true,"href":"https:\/\/www.karamantoki.com\/index.php\/wp-json\/wp\/v2\/categories?post=2273"},{"taxonomy":"post_tag","embeddable":true,"href":"https:\/\/www.karamantoki.com\/index.php\/wp-json\/wp\/v2\/tags?post=2273"}],"curies":[{"name":"wp","href":"https:\/\/api.w.org\/{rel}","templated":true}]}}