{"id":2272,"date":"2025-11-03T06:02:50","date_gmt":"2025-11-03T06:02:50","guid":{"rendered":"https:\/\/www.karamantoki.com\/index.php\/2025\/11\/03\/memura-ve-4cliye-4-veri-kapida-50-bin-tl-alana-61-371-lira-zamli-maas-kim-ne-kadar-alacak-ogretmen-polis-vaiz\/"},"modified":"2025-11-03T06:02:50","modified_gmt":"2025-11-03T06:02:50","slug":"memura-ve-4cliye-4-veri-kapida-50-bin-tl-alana-61-371-lira-zamli-maas-kim-ne-kadar-alacak-ogretmen-polis-vaiz","status":"publish","type":"post","link":"https:\/\/www.karamantoki.com\/index.php\/2025\/11\/03\/memura-ve-4cliye-4-veri-kapida-50-bin-tl-alana-61-371-lira-zamli-maas-kim-ne-kadar-alacak-ogretmen-polis-vaiz\/","title":{"rendered":"Memura ve 4C&#8217;liye 4. veri kap\u0131da: 50 bin TL alana 61.371 lira zaml\u0131 maa\u015f! Kim ne kadar alacak? \u00d6\u011fretmen, polis, vaiz&#8230;"},"content":{"rendered":"<p><img decoding=\"async\" src=\"https:\/\/iaahbr.tmgrup.com.tr\/491208\/1200\/675\/0\/133\/1280\/853?u=https:\/\/iahbr.tmgrup.com.tr\/2025\/11\/03\/memura-ve-4cliye-4-veri-kapida-50-bin-tl-alana-61371-lira-zamli-maas-kim-ne-kadar-alacak-ogretmen-polis-vaiz-1762147236566.jpg\" alt=\"Memura ve 4C'liye 4. veri kap\u0131da: 50 bin TL alana 61.371 lira zaml\u0131 maa\u015f! Kim ne kadar alacak? \u00d6\u011fretmen, polis, vaiz...\"><br \/>Memur ve emekliler, Ekim 2025 enflasyon verileri a\u00e7\u0131klanmadan \u00f6nce g\u00f6zlerini 4 ayl\u0131k enflasyon fark\u0131na \u00e7evirdi. 2026 y\u0131l\u0131na ad\u0131m ad\u0131m yakla\u015f\u0131l\u0131rken, temmuzdan bu yana biriken enflasyon oran\u0131 yeni y\u0131l zamlar\u0131n\u0131n&#8230;<a href=\"https:\/\/www.ahaber.com.tr\/viral\/galeri\/liste\/memura-ve-4cliye-4-veri-kapida-50-bin-tl-alana-61371-lira-zamli-maas-kim-ne-kadar-alacak-ogretmen-polis-vaiz\">Devam\u0131 i\u00e7in t\u0131klay\u0131n\u0131z<\/a><\/p>\n","protected":false},"excerpt":{"rendered":"<p>Memur ve emekliler, Ekim 2025 enflasyon verileri a\u00e7\u0131klanmadan \u00f6nce g\u00f6zlerini 4 ayl\u0131k enflasyon fark\u0131na \u00e7evirdi. 2026 y\u0131l\u0131na ad\u0131m ad\u0131m yakla\u015f\u0131l\u0131rken, temmuzdan bu yana biriken enflasyon oran\u0131 yeni y\u0131l zamlar\u0131n\u0131n&#8230;Devam\u0131 i\u00e7in t\u0131klay\u0131n\u0131z<\/p>\n","protected":false},"author":1,"featured_media":0,"comment_status":"open","ping_status":"open","sticky":false,"template":"","format":"standard","meta":{"_joinchat":[],"footnotes":""},"categories":[32],"tags":[],"class_list":{"0":"post-2272","1":"post","2":"type-post","3":"status-publish","4":"format-standard","6":"category-ekonomi"},"_links":{"self":[{"href":"https:\/\/www.karamantoki.com\/index.php\/wp-json\/wp\/v2\/posts\/2272","targetHints":{"allow":["GET"]}}],"collection":[{"href":"https:\/\/www.karamantoki.com\/index.php\/wp-json\/wp\/v2\/posts"}],"about":[{"href":"https:\/\/www.karamantoki.com\/index.php\/wp-json\/wp\/v2\/types\/post"}],"author":[{"embeddable":true,"href":"https:\/\/www.karamantoki.com\/index.php\/wp-json\/wp\/v2\/users\/1"}],"replies":[{"embeddable":true,"href":"https:\/\/www.karamantoki.com\/index.php\/wp-json\/wp\/v2\/comments?post=2272"}],"version-history":[{"count":0,"href":"https:\/\/www.karamantoki.com\/index.php\/wp-json\/wp\/v2\/posts\/2272\/revisions"}],"wp:attachment":[{"href":"https:\/\/www.karamantoki.com\/index.php\/wp-json\/wp\/v2\/media?parent=2272"}],"wp:term":[{"taxonomy":"category","embeddable":true,"href":"https:\/\/www.karamantoki.com\/index.php\/wp-json\/wp\/v2\/categories?post=2272"},{"taxonomy":"post_tag","embeddable":true,"href":"https:\/\/www.karamantoki.com\/index.php\/wp-json\/wp\/v2\/tags?post=2272"}],"curies":[{"name":"wp","href":"https:\/\/api.w.org\/{rel}","templated":true}]}}