{"id":2271,"date":"2025-11-03T04:04:29","date_gmt":"2025-11-03T04:04:29","guid":{"rendered":"https:\/\/www.karamantoki.com\/index.php\/2025\/11\/03\/emekliye-enflasyon-zammi-ssk-bag-kur-eytliye-3-formullu-artis-sinyali-16-881-tl-maas-alana-ocakta-en-az\/"},"modified":"2025-11-03T04:04:29","modified_gmt":"2025-11-03T04:04:29","slug":"emekliye-enflasyon-zammi-ssk-bag-kur-eytliye-3-formullu-artis-sinyali-16-881-tl-maas-alana-ocakta-en-az","status":"publish","type":"post","link":"https:\/\/www.karamantoki.com\/index.php\/2025\/11\/03\/emekliye-enflasyon-zammi-ssk-bag-kur-eytliye-3-formullu-artis-sinyali-16-881-tl-maas-alana-ocakta-en-az\/","title":{"rendered":"Emekliye enflasyon zamm\u0131 | SSK, Ba\u011f-Kur, EYT&#8217;liye 3 form\u00fcll\u00fc art\u0131\u015f sinyali! 16.881 TL maa\u015f alana ocakta en az&#8230;"},"content":{"rendered":"<p><img decoding=\"async\" src=\"https:\/\/iaahbr.tmgrup.com.tr\/c0e5a5\/1200\/675\/0\/51\/1280\/771?u=https:\/\/iahbr.tmgrup.com.tr\/2025\/11\/03\/emekliye-enflasyon-zammi-ssk-bag-kur-eytliye-3-formullu-artis-sinyali-16881-tl-maas-alana-ocakta-en-az-1762140778409.jpg\" alt=\"Emekliye enflasyon zamm\u0131 | SSK, Ba\u011f-Kur, EYT'liye 3 form\u00fcll\u00fc art\u0131\u015f sinyali! 16.881 TL maa\u015f alana ocakta en az...\"><br \/>SSK ve Ba\u011f-Kur emeklilerinin Ocak ay\u0131nda alaca\u011f\u0131 maa\u015f zamm\u0131n\u0131 belirleyecek alt\u0131 ayl\u0131k enflasyon verilerinin d\u00f6rd\u00fcnc\u00fcs\u00fc yar\u0131n a\u00e7\u0131klanacak. G\u00f6zler kritik veriye \u00e7evrilmi\u015fken, anket sonu\u00e7lar\u0131 y\u0131l sonu T\u00dcFE&#8230;<a href=\"https:\/\/www.ahaber.com.tr\/viral\/galeri\/liste\/emekliye-enflasyon-zammi-ssk-bag-kur-eytliye-3-formullu-artis-sinyali-16881-tl-maas-alana-ocakta-en-az\">Devam\u0131 i\u00e7in t\u0131klay\u0131n\u0131z<\/a><\/p>\n","protected":false},"excerpt":{"rendered":"<p>SSK ve Ba\u011f-Kur emeklilerinin Ocak ay\u0131nda alaca\u011f\u0131 maa\u015f zamm\u0131n\u0131 belirleyecek alt\u0131 ayl\u0131k enflasyon verilerinin d\u00f6rd\u00fcnc\u00fcs\u00fc yar\u0131n a\u00e7\u0131klanacak. G\u00f6zler kritik veriye \u00e7evrilmi\u015fken, anket sonu\u00e7lar\u0131 y\u0131l sonu T\u00dcFE&#8230;Devam\u0131 i\u00e7in t\u0131klay\u0131n\u0131z<\/p>\n","protected":false},"author":1,"featured_media":0,"comment_status":"open","ping_status":"open","sticky":false,"template":"","format":"standard","meta":{"_joinchat":[],"footnotes":""},"categories":[32],"tags":[],"class_list":{"0":"post-2271","1":"post","2":"type-post","3":"status-publish","4":"format-standard","6":"category-ekonomi"},"_links":{"self":[{"href":"https:\/\/www.karamantoki.com\/index.php\/wp-json\/wp\/v2\/posts\/2271","targetHints":{"allow":["GET"]}}],"collection":[{"href":"https:\/\/www.karamantoki.com\/index.php\/wp-json\/wp\/v2\/posts"}],"about":[{"href":"https:\/\/www.karamantoki.com\/index.php\/wp-json\/wp\/v2\/types\/post"}],"author":[{"embeddable":true,"href":"https:\/\/www.karamantoki.com\/index.php\/wp-json\/wp\/v2\/users\/1"}],"replies":[{"embeddable":true,"href":"https:\/\/www.karamantoki.com\/index.php\/wp-json\/wp\/v2\/comments?post=2271"}],"version-history":[{"count":0,"href":"https:\/\/www.karamantoki.com\/index.php\/wp-json\/wp\/v2\/posts\/2271\/revisions"}],"wp:attachment":[{"href":"https:\/\/www.karamantoki.com\/index.php\/wp-json\/wp\/v2\/media?parent=2271"}],"wp:term":[{"taxonomy":"category","embeddable":true,"href":"https:\/\/www.karamantoki.com\/index.php\/wp-json\/wp\/v2\/categories?post=2271"},{"taxonomy":"post_tag","embeddable":true,"href":"https:\/\/www.karamantoki.com\/index.php\/wp-json\/wp\/v2\/tags?post=2271"}],"curies":[{"name":"wp","href":"https:\/\/api.w.org\/{rel}","templated":true}]}}