{"id":2270,"date":"2025-11-03T04:04:28","date_gmt":"2025-11-03T04:04:28","guid":{"rendered":"https:\/\/www.karamantoki.com\/index.php\/2025\/11\/03\/kira-artis-orani-hesaplama-kasim-ayi-konut-is-yeri-dukkan-kira-zammi-yuzde-kac-oldu-tuik-tefe-tufe\/"},"modified":"2025-11-03T04:04:28","modified_gmt":"2025-11-03T04:04:28","slug":"kira-artis-orani-hesaplama-kasim-ayi-konut-is-yeri-dukkan-kira-zammi-yuzde-kac-oldu-tuik-tefe-tufe","status":"publish","type":"post","link":"https:\/\/www.karamantoki.com\/index.php\/2025\/11\/03\/kira-artis-orani-hesaplama-kasim-ayi-konut-is-yeri-dukkan-kira-zammi-yuzde-kac-oldu-tuik-tefe-tufe\/","title":{"rendered":"Kira art\u0131\u015f oran\u0131 hesaplama | Kas\u0131m ay\u0131 konut, i\u015f yeri, d\u00fckkan kira zamm\u0131 y\u00fczde ka\u00e7 oldu? T\u00dc\u0130K-TEFE-T\u00dcFE&#8230;"},"content":{"rendered":"<p><img decoding=\"async\" src=\"https:\/\/iaahbr.tmgrup.com.tr\/3eaa5f\/1200\/675\/0\/0\/864\/486?u=https:\/\/iahbr.tmgrup.com.tr\/2025\/11\/03\/kira-artis-orani-hesaplama-kasim-ayi-konut-is-yeri-dukkan-kira-zammi-yuzde-kac-oldu-tuik-tefe-tufe-1762142001003.jpg\" alt=\"Kira art\u0131\u015f oran\u0131 hesaplama | Kas\u0131m ay\u0131 konut, i\u015f yeri, d\u00fckkan kira zamm\u0131 y\u00fczde ka\u00e7 oldu? T\u00dc\u0130K-TEFE-T\u00dcFE...\"><br \/>Kas\u0131m ay\u0131na girilmesiyle birlikte milyonlarca kirac\u0131 ve ev sahibi g\u00f6z\u00fcn\u00fc kira art\u0131\u015f oran\u0131na \u00e7evirdi. T\u00fcrkiye \u0130statistik Kurumu&#8217;nun (T\u00dc\u0130K) ekim ay\u0131 enflasyon verilerini a\u00e7\u0131klamas\u0131yla, kas\u0131m ay\u0131nda kira&#8230;<a href=\"https:\/\/www.ahaber.com.tr\/viral\/galeri\/liste\/kira-artis-orani-hesaplama-kasim-ayi-konut-is-yeri-dukkan-kira-zammi-yuzde-kac-oldu-tuik-tefe-tufe\">Devam\u0131 i\u00e7in t\u0131klay\u0131n\u0131z<\/a><\/p>\n","protected":false},"excerpt":{"rendered":"<p>Kas\u0131m ay\u0131na girilmesiyle birlikte milyonlarca kirac\u0131 ve ev sahibi g\u00f6z\u00fcn\u00fc kira art\u0131\u015f oran\u0131na \u00e7evirdi. T\u00fcrkiye \u0130statistik Kurumu&#8217;nun (T\u00dc\u0130K) ekim ay\u0131 enflasyon verilerini a\u00e7\u0131klamas\u0131yla, kas\u0131m ay\u0131nda kira&#8230;Devam\u0131 i\u00e7in t\u0131klay\u0131n\u0131z<\/p>\n","protected":false},"author":1,"featured_media":0,"comment_status":"open","ping_status":"open","sticky":false,"template":"","format":"standard","meta":{"_joinchat":[],"footnotes":""},"categories":[32],"tags":[],"class_list":{"0":"post-2270","1":"post","2":"type-post","3":"status-publish","4":"format-standard","6":"category-ekonomi"},"_links":{"self":[{"href":"https:\/\/www.karamantoki.com\/index.php\/wp-json\/wp\/v2\/posts\/2270","targetHints":{"allow":["GET"]}}],"collection":[{"href":"https:\/\/www.karamantoki.com\/index.php\/wp-json\/wp\/v2\/posts"}],"about":[{"href":"https:\/\/www.karamantoki.com\/index.php\/wp-json\/wp\/v2\/types\/post"}],"author":[{"embeddable":true,"href":"https:\/\/www.karamantoki.com\/index.php\/wp-json\/wp\/v2\/users\/1"}],"replies":[{"embeddable":true,"href":"https:\/\/www.karamantoki.com\/index.php\/wp-json\/wp\/v2\/comments?post=2270"}],"version-history":[{"count":0,"href":"https:\/\/www.karamantoki.com\/index.php\/wp-json\/wp\/v2\/posts\/2270\/revisions"}],"wp:attachment":[{"href":"https:\/\/www.karamantoki.com\/index.php\/wp-json\/wp\/v2\/media?parent=2270"}],"wp:term":[{"taxonomy":"category","embeddable":true,"href":"https:\/\/www.karamantoki.com\/index.php\/wp-json\/wp\/v2\/categories?post=2270"},{"taxonomy":"post_tag","embeddable":true,"href":"https:\/\/www.karamantoki.com\/index.php\/wp-json\/wp\/v2\/tags?post=2270"}],"curies":[{"name":"wp","href":"https:\/\/api.w.org\/{rel}","templated":true}]}}