{"id":2265,"date":"2025-11-02T21:02:50","date_gmt":"2025-11-02T21:02:50","guid":{"rendered":"https:\/\/www.karamantoki.com\/index.php\/2025\/11\/02\/cumhurbaskani-yardimcisi-cevdet-yilmazdan-enflasyon-mesaji-tek-haneli-rakamlara-dusurmekte-kararliyiz\/"},"modified":"2025-11-02T21:02:50","modified_gmt":"2025-11-02T21:02:50","slug":"cumhurbaskani-yardimcisi-cevdet-yilmazdan-enflasyon-mesaji-tek-haneli-rakamlara-dusurmekte-kararliyiz","status":"publish","type":"post","link":"https:\/\/www.karamantoki.com\/index.php\/2025\/11\/02\/cumhurbaskani-yardimcisi-cevdet-yilmazdan-enflasyon-mesaji-tek-haneli-rakamlara-dusurmekte-kararliyiz\/","title":{"rendered":"Cumhurba\u015fkan\u0131 Yard\u0131mc\u0131s\u0131 Cevdet Y\u0131lmaz&#8217;dan enflasyon mesaj\u0131: Tek haneli rakamlara d\u00fc\u015f\u00fcrmekte kararl\u0131y\u0131z"},"content":{"rendered":"<p><img decoding=\"async\" src=\"https:\/\/iaahbr.tmgrup.com.tr\/77a12d\/1200\/675\/1\/0\/904\/508?u=https:\/\/iahbr.tmgrup.com.tr\/2025\/11\/02\/cumhurbaskani-yardimcisi-cevdet-yilmazdan-enflasyon-mesaji-tek-haneli-rakamlara-dusurmekte-kararliyiz-1762117123385.jpg\" alt=\"Cumhurba\u015fkan\u0131 Yard\u0131mc\u0131s\u0131 Cevdet Y\u0131lmaz'dan enflasyon mesaj\u0131: Tek haneli rakamlara d\u00fc\u015f\u00fcrmekte kararl\u0131y\u0131z\"><br \/>Cumhurba\u015fkan\u0131 Yard\u0131mc\u0131s\u0131 Cevdet Y\u0131lmaz kat\u0131ld\u0131\u011f\u0131 bir televizyon program\u0131nda g\u00fcndeme ili\u015fkin a\u00e7\u0131klamalarda bulundu. Y\u0131lmaz enflasyon ile m\u00fccadeleye de\u011finerek vatanda\u015f\u0131n temel meselesi oldu\u011funa dikkat \u00e7ekerken&#8230;<a href=\"https:\/\/www.ahaber.com.tr\/gundem\/2025\/11\/02\/cumhurbaskani-yardimcisi-cevdet-yilmazdan-enflasyon-mesaji-tek-haneli-rakamlara-dusurmekte-kararliyiz\">Devam\u0131 i\u00e7in t\u0131klay\u0131n\u0131z<\/a><\/p>\n","protected":false},"excerpt":{"rendered":"<p>Cumhurba\u015fkan\u0131 Yard\u0131mc\u0131s\u0131 Cevdet Y\u0131lmaz kat\u0131ld\u0131\u011f\u0131 bir televizyon program\u0131nda g\u00fcndeme ili\u015fkin a\u00e7\u0131klamalarda bulundu. Y\u0131lmaz enflasyon ile m\u00fccadeleye de\u011finerek vatanda\u015f\u0131n temel meselesi oldu\u011funa dikkat \u00e7ekerken&#8230;Devam\u0131 i\u00e7in t\u0131klay\u0131n\u0131z<\/p>\n","protected":false},"author":1,"featured_media":0,"comment_status":"open","ping_status":"open","sticky":false,"template":"","format":"standard","meta":{"_joinchat":[],"footnotes":""},"categories":[32],"tags":[],"class_list":{"0":"post-2265","1":"post","2":"type-post","3":"status-publish","4":"format-standard","6":"category-ekonomi"},"_links":{"self":[{"href":"https:\/\/www.karamantoki.com\/index.php\/wp-json\/wp\/v2\/posts\/2265","targetHints":{"allow":["GET"]}}],"collection":[{"href":"https:\/\/www.karamantoki.com\/index.php\/wp-json\/wp\/v2\/posts"}],"about":[{"href":"https:\/\/www.karamantoki.com\/index.php\/wp-json\/wp\/v2\/types\/post"}],"author":[{"embeddable":true,"href":"https:\/\/www.karamantoki.com\/index.php\/wp-json\/wp\/v2\/users\/1"}],"replies":[{"embeddable":true,"href":"https:\/\/www.karamantoki.com\/index.php\/wp-json\/wp\/v2\/comments?post=2265"}],"version-history":[{"count":0,"href":"https:\/\/www.karamantoki.com\/index.php\/wp-json\/wp\/v2\/posts\/2265\/revisions"}],"wp:attachment":[{"href":"https:\/\/www.karamantoki.com\/index.php\/wp-json\/wp\/v2\/media?parent=2265"}],"wp:term":[{"taxonomy":"category","embeddable":true,"href":"https:\/\/www.karamantoki.com\/index.php\/wp-json\/wp\/v2\/categories?post=2265"},{"taxonomy":"post_tag","embeddable":true,"href":"https:\/\/www.karamantoki.com\/index.php\/wp-json\/wp\/v2\/tags?post=2265"}],"curies":[{"name":"wp","href":"https:\/\/api.w.org\/{rel}","templated":true}]}}