{"id":2262,"date":"2025-11-02T09:03:20","date_gmt":"2025-11-02T09:03:20","guid":{"rendered":"https:\/\/www.karamantoki.com\/index.php\/2025\/11\/02\/turksat-6adan-sri-lanka-adimi-tv-kanallari-turkiyenin-teknolojisiyle-yayin-yapacak\/"},"modified":"2025-11-02T09:03:20","modified_gmt":"2025-11-02T09:03:20","slug":"turksat-6adan-sri-lanka-adimi-tv-kanallari-turkiyenin-teknolojisiyle-yayin-yapacak","status":"publish","type":"post","link":"https:\/\/www.karamantoki.com\/index.php\/2025\/11\/02\/turksat-6adan-sri-lanka-adimi-tv-kanallari-turkiyenin-teknolojisiyle-yayin-yapacak\/","title":{"rendered":"T\u00fcrksat 6A&#8217;dan Sri Lanka ad\u0131m\u0131: TV kanallar\u0131 T\u00fcrkiye&#8217;nin teknolojisiyle yay\u0131n yapacak"},"content":{"rendered":"<p><img decoding=\"async\" src=\"https:\/\/iaahbr.tmgrup.com.tr\/4c2553\/1200\/675\/0\/17\/1280\/736?u=https:\/\/iahbr.tmgrup.com.tr\/2025\/11\/02\/turksat-6adan-sri-lanka-adimi-tv-kanallari-turkiyenin-teknolojisiyle-yayin-yapacak-1762070353605.jpeg\" alt=\"T\u00fcrksat 6A'dan Sri Lanka ad\u0131m\u0131: TV kanallar\u0131 T\u00fcrkiye'nin teknolojisiyle yay\u0131n yapacak\"><br \/>Ula\u015ft\u0131rma ve Altyap\u0131 Bakan\u0131 Abdulkadir Uralo\u011flu, T\u00fcrkiye\u2019nin ilk yerli ve mill\u00ee haberle\u015fme uydusu T\u00fcrksat 6A \u00fczerinden uluslararas\u0131 bir i\u015f birli\u011fine imza at\u0131ld\u0131\u011f\u0131n\u0131 a\u00e7\u0131klad\u0131. Sri Lanka\u2019n\u0131n \u00f6nde gelen televizyon&#8230;<a href=\"https:\/\/www.ahaber.com.tr\/ekonomi\/2025\/11\/02\/turksat-6adan-sri-lanka-adimi-tv-kanallari-turkiyenin-teknolojisiyle-yayin-yapacak\">Devam\u0131 i\u00e7in t\u0131klay\u0131n\u0131z<\/a><\/p>\n","protected":false},"excerpt":{"rendered":"<p>Ula\u015ft\u0131rma ve Altyap\u0131 Bakan\u0131 Abdulkadir Uralo\u011flu, T\u00fcrkiye\u2019nin ilk yerli ve mill\u00ee haberle\u015fme uydusu T\u00fcrksat 6A \u00fczerinden uluslararas\u0131 bir i\u015f birli\u011fine imza at\u0131ld\u0131\u011f\u0131n\u0131 a\u00e7\u0131klad\u0131. Sri Lanka\u2019n\u0131n \u00f6nde gelen televizyon&#8230;Devam\u0131 i\u00e7in t\u0131klay\u0131n\u0131z<\/p>\n","protected":false},"author":1,"featured_media":0,"comment_status":"open","ping_status":"open","sticky":false,"template":"","format":"standard","meta":{"_joinchat":[],"footnotes":""},"categories":[32],"tags":[],"class_list":{"0":"post-2262","1":"post","2":"type-post","3":"status-publish","4":"format-standard","6":"category-ekonomi"},"_links":{"self":[{"href":"https:\/\/www.karamantoki.com\/index.php\/wp-json\/wp\/v2\/posts\/2262","targetHints":{"allow":["GET"]}}],"collection":[{"href":"https:\/\/www.karamantoki.com\/index.php\/wp-json\/wp\/v2\/posts"}],"about":[{"href":"https:\/\/www.karamantoki.com\/index.php\/wp-json\/wp\/v2\/types\/post"}],"author":[{"embeddable":true,"href":"https:\/\/www.karamantoki.com\/index.php\/wp-json\/wp\/v2\/users\/1"}],"replies":[{"embeddable":true,"href":"https:\/\/www.karamantoki.com\/index.php\/wp-json\/wp\/v2\/comments?post=2262"}],"version-history":[{"count":0,"href":"https:\/\/www.karamantoki.com\/index.php\/wp-json\/wp\/v2\/posts\/2262\/revisions"}],"wp:attachment":[{"href":"https:\/\/www.karamantoki.com\/index.php\/wp-json\/wp\/v2\/media?parent=2262"}],"wp:term":[{"taxonomy":"category","embeddable":true,"href":"https:\/\/www.karamantoki.com\/index.php\/wp-json\/wp\/v2\/categories?post=2262"},{"taxonomy":"post_tag","embeddable":true,"href":"https:\/\/www.karamantoki.com\/index.php\/wp-json\/wp\/v2\/tags?post=2262"}],"curies":[{"name":"wp","href":"https:\/\/api.w.org\/{rel}","templated":true}]}}