{"id":2252,"date":"2025-10-31T11:02:37","date_gmt":"2025-10-31T11:02:37","guid":{"rendered":"https:\/\/www.karamantoki.com\/index.php\/2025\/10\/31\/berat-albayrakin-tarihi-basarisi-milli-enerji-kapilarini-acti-diyarbakir-kaya-petrolunun-merkezi-olacak\/"},"modified":"2025-10-31T11:02:37","modified_gmt":"2025-10-31T11:02:37","slug":"berat-albayrakin-tarihi-basarisi-milli-enerji-kapilarini-acti-diyarbakir-kaya-petrolunun-merkezi-olacak","status":"publish","type":"post","link":"https:\/\/www.karamantoki.com\/index.php\/2025\/10\/31\/berat-albayrakin-tarihi-basarisi-milli-enerji-kapilarini-acti-diyarbakir-kaya-petrolunun-merkezi-olacak\/","title":{"rendered":"Berat Albayrak&#8217;\u0131n tarihi ba\u015far\u0131s\u0131 milli enerji kap\u0131lar\u0131n\u0131 a\u00e7t\u0131! Diyarbak\u0131r kaya petrol\u00fcn\u00fcn merkezi olacak"},"content":{"rendered":"<p><img decoding=\"async\" src=\"https:\/\/iaahbr.tmgrup.com.tr\/d7c81f\/1200\/675\/0\/81\/770\/515?u=https:\/\/iahbr.tmgrup.com.tr\/2025\/10\/31\/1761904968956.jpeg\" alt=\"Berat Albayrak'\u0131n tarihi ba\u015far\u0131s\u0131 milli enerji kap\u0131lar\u0131n\u0131 a\u00e7t\u0131! Diyarbak\u0131r kaya petrol\u00fcn\u00fcn merkezi olacak\"><br \/>Berat Albayrak&#8217;\u0131n, Enerji ve Tabi Kaynaklar Bakanl\u0131\u011f\u0131 d\u00f6neminde ba\u015flatt\u0131\u011f\u0131 petrol ve do\u011fal gaz arama \u00e7al\u0131\u015fmalar\u0131 bug\u00fcn T\u00fcrkiye&#8217;nin d\u0131\u015fa ba\u011f\u0131ml\u0131l\u0131\u011f\u0131n\u0131 azaltan en b\u00fcy\u00fck etken oldu. Bu tarihi ba\u015far\u0131n\u0131n son&#8230;<a href=\"https:\/\/www.ahaber.com.tr\/ekonomi\/2025\/10\/31\/berat-albayrakin-tarihi-basarisi-milli-enerji-kapilarini-acti\">Devam\u0131 i\u00e7in t\u0131klay\u0131n\u0131z<\/a><\/p>\n","protected":false},"excerpt":{"rendered":"<p>Berat Albayrak&#8217;\u0131n, Enerji ve Tabi Kaynaklar Bakanl\u0131\u011f\u0131 d\u00f6neminde ba\u015flatt\u0131\u011f\u0131 petrol ve do\u011fal gaz arama \u00e7al\u0131\u015fmalar\u0131 bug\u00fcn T\u00fcrkiye&#8217;nin d\u0131\u015fa ba\u011f\u0131ml\u0131l\u0131\u011f\u0131n\u0131 azaltan en b\u00fcy\u00fck etken oldu. Bu tarihi ba\u015far\u0131n\u0131n son&#8230;Devam\u0131 i\u00e7in t\u0131klay\u0131n\u0131z<\/p>\n","protected":false},"author":1,"featured_media":0,"comment_status":"open","ping_status":"open","sticky":false,"template":"","format":"standard","meta":{"_joinchat":[],"footnotes":""},"categories":[32],"tags":[],"class_list":{"0":"post-2252","1":"post","2":"type-post","3":"status-publish","4":"format-standard","6":"category-ekonomi"},"_links":{"self":[{"href":"https:\/\/www.karamantoki.com\/index.php\/wp-json\/wp\/v2\/posts\/2252","targetHints":{"allow":["GET"]}}],"collection":[{"href":"https:\/\/www.karamantoki.com\/index.php\/wp-json\/wp\/v2\/posts"}],"about":[{"href":"https:\/\/www.karamantoki.com\/index.php\/wp-json\/wp\/v2\/types\/post"}],"author":[{"embeddable":true,"href":"https:\/\/www.karamantoki.com\/index.php\/wp-json\/wp\/v2\/users\/1"}],"replies":[{"embeddable":true,"href":"https:\/\/www.karamantoki.com\/index.php\/wp-json\/wp\/v2\/comments?post=2252"}],"version-history":[{"count":0,"href":"https:\/\/www.karamantoki.com\/index.php\/wp-json\/wp\/v2\/posts\/2252\/revisions"}],"wp:attachment":[{"href":"https:\/\/www.karamantoki.com\/index.php\/wp-json\/wp\/v2\/media?parent=2252"}],"wp:term":[{"taxonomy":"category","embeddable":true,"href":"https:\/\/www.karamantoki.com\/index.php\/wp-json\/wp\/v2\/categories?post=2252"},{"taxonomy":"post_tag","embeddable":true,"href":"https:\/\/www.karamantoki.com\/index.php\/wp-json\/wp\/v2\/tags?post=2252"}],"curies":[{"name":"wp","href":"https:\/\/api.w.org\/{rel}","templated":true}]}}