{"id":2242,"date":"2025-10-30T09:02:52","date_gmt":"2025-10-30T09:02:52","guid":{"rendered":"https:\/\/www.karamantoki.com\/index.php\/2025\/10\/30\/tokinin-500-bin-sosyal-konut-projesi-sartlari-es-basvurusu-taksitler-ve-koy-evi-sarti-noktasina-virgulune-tum-detaylar\/"},"modified":"2025-10-30T09:02:52","modified_gmt":"2025-10-30T09:02:52","slug":"tokinin-500-bin-sosyal-konut-projesi-sartlari-es-basvurusu-taksitler-ve-koy-evi-sarti-noktasina-virgulune-tum-detaylar","status":"publish","type":"post","link":"https:\/\/www.karamantoki.com\/index.php\/2025\/10\/30\/tokinin-500-bin-sosyal-konut-projesi-sartlari-es-basvurusu-taksitler-ve-koy-evi-sarti-noktasina-virgulune-tum-detaylar\/","title":{"rendered":"TOK\u0130\u2019nin 500 Bin Sosyal Konut Projesi \u015eARTLARI | E\u015f ba\u015fvurusu, taksitler ve k\u00f6y evi \u015fart\u0131&#8230; Noktas\u0131na virg\u00fcl\u00fcne t\u00fcm detaylar"},"content":{"rendered":"<p><img decoding=\"async\" src=\"https:\/\/iaahbr.tmgrup.com.tr\/fa9115\/1200\/675\/0\/70\/800\/521?u=https:\/\/iahbr.tmgrup.com.tr\/2025\/10\/30\/tokinin-500-bin-sosyal-konut-projesi-sartlari-es-basvurusu-taksitler-ve-koy-evi-sarti-noktasina-virgulune-tum-1761814438688.jpg\" alt=\"TOK\u0130\u2019nin 500 Bin Sosyal Konut Projesi \u015eARTLARI | E\u015f ba\u015fvurusu, taksitler ve k\u00f6y evi \u015fart\u0131... Noktas\u0131na virg\u00fcl\u00fcne t\u00fcm detaylar\"><br \/>TOK\u0130&#8217;nin 500 bin sosyal konut projesiyle dar gelirli vatanda\u015flar, d\u00fc\u015f\u00fck pe\u015finat ve uzun vadeli taksitlerle ev sahibi olma f\u0131rsat\u0131 yakal\u0131yor. Peki bu b\u00fcy\u00fck projede e\u015flerin ba\u015fvuru hakk\u0131 nas\u0131l i\u015fliyor?<a href=\"https:\/\/www.ahaber.com.tr\/viral\/galeri\/liste\/tokinin-500-bin-sosyal-konut-projesi-sartlari-es-basvurusu-taksitler-ve-koy-evi-sarti-iste-merak-edilen-tum-detaylar\">Devam\u0131 i\u00e7in t\u0131klay\u0131n\u0131z<\/a><\/p>\n","protected":false},"excerpt":{"rendered":"<p>TOK\u0130&#8217;nin 500 bin sosyal konut projesiyle dar gelirli vatanda\u015flar, d\u00fc\u015f\u00fck pe\u015finat ve uzun vadeli taksitlerle ev sahibi olma f\u0131rsat\u0131 yakal\u0131yor. Peki bu b\u00fcy\u00fck projede e\u015flerin ba\u015fvuru hakk\u0131 nas\u0131l i\u015fliyor?Devam\u0131 i\u00e7in t\u0131klay\u0131n\u0131z<\/p>\n","protected":false},"author":1,"featured_media":0,"comment_status":"open","ping_status":"open","sticky":false,"template":"","format":"standard","meta":{"_joinchat":[],"footnotes":""},"categories":[32],"tags":[],"class_list":{"0":"post-2242","1":"post","2":"type-post","3":"status-publish","4":"format-standard","6":"category-ekonomi"},"_links":{"self":[{"href":"https:\/\/www.karamantoki.com\/index.php\/wp-json\/wp\/v2\/posts\/2242","targetHints":{"allow":["GET"]}}],"collection":[{"href":"https:\/\/www.karamantoki.com\/index.php\/wp-json\/wp\/v2\/posts"}],"about":[{"href":"https:\/\/www.karamantoki.com\/index.php\/wp-json\/wp\/v2\/types\/post"}],"author":[{"embeddable":true,"href":"https:\/\/www.karamantoki.com\/index.php\/wp-json\/wp\/v2\/users\/1"}],"replies":[{"embeddable":true,"href":"https:\/\/www.karamantoki.com\/index.php\/wp-json\/wp\/v2\/comments?post=2242"}],"version-history":[{"count":0,"href":"https:\/\/www.karamantoki.com\/index.php\/wp-json\/wp\/v2\/posts\/2242\/revisions"}],"wp:attachment":[{"href":"https:\/\/www.karamantoki.com\/index.php\/wp-json\/wp\/v2\/media?parent=2242"}],"wp:term":[{"taxonomy":"category","embeddable":true,"href":"https:\/\/www.karamantoki.com\/index.php\/wp-json\/wp\/v2\/categories?post=2242"},{"taxonomy":"post_tag","embeddable":true,"href":"https:\/\/www.karamantoki.com\/index.php\/wp-json\/wp\/v2\/tags?post=2242"}],"curies":[{"name":"wp","href":"https:\/\/api.w.org\/{rel}","templated":true}]}}