{"id":2223,"date":"2025-10-28T10:02:38","date_gmt":"2025-10-28T10:02:38","guid":{"rendered":"https:\/\/www.karamantoki.com\/index.php\/2025\/10\/28\/turkiyenin-14-hava-kampusu-o-ilcede-acilacak\/"},"modified":"2025-10-28T10:02:38","modified_gmt":"2025-10-28T10:02:38","slug":"turkiyenin-14-hava-kampusu-o-ilcede-acilacak","status":"publish","type":"post","link":"https:\/\/www.karamantoki.com\/index.php\/2025\/10\/28\/turkiyenin-14-hava-kampusu-o-ilcede-acilacak\/","title":{"rendered":"T\u00fcrkiye&#8217;nin 14. hava kamp\u00fcs\u00fc o il\u00e7ede a\u00e7\u0131lacak"},"content":{"rendered":"<p><img decoding=\"async\" src=\"https:\/\/iaahbr.tmgrup.com.tr\/993695\/1200\/675\/0\/0\/1600\/900?u=https:\/\/iahbr.tmgrup.com.tr\/2025\/10\/28\/turkiyenin-14-hava-kampusu-o-ilcede-acilacak-1761642057105.jpeg\" alt=\"T\u00fcrkiye'nin 14. hava kamp\u00fcs\u00fc o il\u00e7ede a\u00e7\u0131lacak\"><br \/>Sivas&#8217;\u0131n Divri\u011fi il\u00e7esine T\u00fcrkiye&#8217;nin 14. hava kamp\u00fcs\u00fc a\u00e7\u0131l\u0131yor. Ula\u015ft\u0131rma ve Altyap\u0131 Bakan\u0131 Abdulkadir Uralo\u011flu konuyla ilgili yapt\u0131\u011f\u0131 a\u00e7\u0131klamada, &#8220;12 ilde 14 hava kamp\u00fcs\u00fcm\u00fcz ile sportif ve amat\u00f6r havac\u0131l\u0131\u011fa&#8230;<a href=\"https:\/\/www.ahaber.com.tr\/ekonomi\/2025\/10\/28\/turkiyenin-14-hava-kampusu-o-ilcede-acilacak\">Devam\u0131 i\u00e7in t\u0131klay\u0131n\u0131z<\/a><\/p>\n","protected":false},"excerpt":{"rendered":"<p>Sivas&#8217;\u0131n Divri\u011fi il\u00e7esine T\u00fcrkiye&#8217;nin 14. hava kamp\u00fcs\u00fc a\u00e7\u0131l\u0131yor. Ula\u015ft\u0131rma ve Altyap\u0131 Bakan\u0131 Abdulkadir Uralo\u011flu konuyla ilgili yapt\u0131\u011f\u0131 a\u00e7\u0131klamada, &#8220;12 ilde 14 hava kamp\u00fcs\u00fcm\u00fcz ile sportif ve amat\u00f6r havac\u0131l\u0131\u011fa&#8230;Devam\u0131 i\u00e7in t\u0131klay\u0131n\u0131z<\/p>\n","protected":false},"author":1,"featured_media":0,"comment_status":"open","ping_status":"open","sticky":false,"template":"","format":"standard","meta":{"_joinchat":[],"footnotes":""},"categories":[32],"tags":[],"class_list":{"0":"post-2223","1":"post","2":"type-post","3":"status-publish","4":"format-standard","6":"category-ekonomi"},"_links":{"self":[{"href":"https:\/\/www.karamantoki.com\/index.php\/wp-json\/wp\/v2\/posts\/2223","targetHints":{"allow":["GET"]}}],"collection":[{"href":"https:\/\/www.karamantoki.com\/index.php\/wp-json\/wp\/v2\/posts"}],"about":[{"href":"https:\/\/www.karamantoki.com\/index.php\/wp-json\/wp\/v2\/types\/post"}],"author":[{"embeddable":true,"href":"https:\/\/www.karamantoki.com\/index.php\/wp-json\/wp\/v2\/users\/1"}],"replies":[{"embeddable":true,"href":"https:\/\/www.karamantoki.com\/index.php\/wp-json\/wp\/v2\/comments?post=2223"}],"version-history":[{"count":0,"href":"https:\/\/www.karamantoki.com\/index.php\/wp-json\/wp\/v2\/posts\/2223\/revisions"}],"wp:attachment":[{"href":"https:\/\/www.karamantoki.com\/index.php\/wp-json\/wp\/v2\/media?parent=2223"}],"wp:term":[{"taxonomy":"category","embeddable":true,"href":"https:\/\/www.karamantoki.com\/index.php\/wp-json\/wp\/v2\/categories?post=2223"},{"taxonomy":"post_tag","embeddable":true,"href":"https:\/\/www.karamantoki.com\/index.php\/wp-json\/wp\/v2\/tags?post=2223"}],"curies":[{"name":"wp","href":"https:\/\/api.w.org\/{rel}","templated":true}]}}