{"id":2220,"date":"2025-10-28T08:03:17","date_gmt":"2025-10-28T08:03:17","guid":{"rendered":"https:\/\/www.karamantoki.com\/index.php\/2025\/10\/28\/500-bin-konut-projesinde-il-il-dagilim-belli-oldu-hangi-sehirde-kac-daire-yapilacak-istanbul-ankara-izmir-zirvede-basvuru-ve-kura-detaylari\/"},"modified":"2025-10-28T08:03:17","modified_gmt":"2025-10-28T08:03:17","slug":"500-bin-konut-projesinde-il-il-dagilim-belli-oldu-hangi-sehirde-kac-daire-yapilacak-istanbul-ankara-izmir-zirvede-basvuru-ve-kura-detaylari","status":"publish","type":"post","link":"https:\/\/www.karamantoki.com\/index.php\/2025\/10\/28\/500-bin-konut-projesinde-il-il-dagilim-belli-oldu-hangi-sehirde-kac-daire-yapilacak-istanbul-ankara-izmir-zirvede-basvuru-ve-kura-detaylari\/","title":{"rendered":"500 Bin Konut Projesi\u2019nde il il da\u011f\u0131l\u0131m belli oldu! Hangi \u015fehirde ka\u00e7 daire yap\u0131lacak? \u0130stanbul, Ankara, \u0130zmir zirvede: Ba\u015fvuru ve kura detaylar\u0131!"},"content":{"rendered":"<p><img decoding=\"async\" src=\"https:\/\/iaahbr.tmgrup.com.tr\/abfad3\/1200\/675\/58\/0\/609\/310?u=https:\/\/iahbr.tmgrup.com.tr\/2025\/10\/27\/1761589147016.jpg\" alt=\"500 Bin Konut Projesi\u2019nde il il da\u011f\u0131l\u0131m belli oldu! Hangi \u015fehirde ka\u00e7 daire yap\u0131lacak? \u0130stanbul, Ankara, \u0130zmir zirvede: Ba\u015fvuru ve kura detaylar\u0131!\"><br \/>Cumhuriyet tarihinin en b\u00fcy\u00fck sosyal konut hamlesi ba\u015fl\u0131yor. \u201cY\u00fczy\u0131l\u0131n Konut Projesi\u201d kapsam\u0131nda 81 ilde yap\u0131lacak 500 bin konutun il il da\u011f\u0131l\u0131m\u0131 belli oldu. Ev sahibi olmak isteyen milyonlarca vatanda\u015f\u0131n&#8230;<a href=\"https:\/\/www.ahaber.com.tr\/viral\/liste\/500-bin-konut-projesinde-il-il-dagilim-belli-oldu-hangi-sehirde-kac-daire-yapilacak-istanbul-ankara-izmir-zirvede-basvuru-ve-kura-detaylari-6276851\">Devam\u0131 i\u00e7in t\u0131klay\u0131n\u0131z<\/a><\/p>\n","protected":false},"excerpt":{"rendered":"<p>Cumhuriyet tarihinin en b\u00fcy\u00fck sosyal konut hamlesi ba\u015fl\u0131yor. \u201cY\u00fczy\u0131l\u0131n Konut Projesi\u201d kapsam\u0131nda 81 ilde yap\u0131lacak 500 bin konutun il il da\u011f\u0131l\u0131m\u0131 belli oldu. Ev sahibi olmak isteyen milyonlarca vatanda\u015f\u0131n&#8230;Devam\u0131 i\u00e7in t\u0131klay\u0131n\u0131z<\/p>\n","protected":false},"author":1,"featured_media":0,"comment_status":"open","ping_status":"open","sticky":false,"template":"","format":"standard","meta":{"_joinchat":[],"footnotes":""},"categories":[32],"tags":[],"class_list":{"0":"post-2220","1":"post","2":"type-post","3":"status-publish","4":"format-standard","6":"category-ekonomi"},"_links":{"self":[{"href":"https:\/\/www.karamantoki.com\/index.php\/wp-json\/wp\/v2\/posts\/2220","targetHints":{"allow":["GET"]}}],"collection":[{"href":"https:\/\/www.karamantoki.com\/index.php\/wp-json\/wp\/v2\/posts"}],"about":[{"href":"https:\/\/www.karamantoki.com\/index.php\/wp-json\/wp\/v2\/types\/post"}],"author":[{"embeddable":true,"href":"https:\/\/www.karamantoki.com\/index.php\/wp-json\/wp\/v2\/users\/1"}],"replies":[{"embeddable":true,"href":"https:\/\/www.karamantoki.com\/index.php\/wp-json\/wp\/v2\/comments?post=2220"}],"version-history":[{"count":0,"href":"https:\/\/www.karamantoki.com\/index.php\/wp-json\/wp\/v2\/posts\/2220\/revisions"}],"wp:attachment":[{"href":"https:\/\/www.karamantoki.com\/index.php\/wp-json\/wp\/v2\/media?parent=2220"}],"wp:term":[{"taxonomy":"category","embeddable":true,"href":"https:\/\/www.karamantoki.com\/index.php\/wp-json\/wp\/v2\/categories?post=2220"},{"taxonomy":"post_tag","embeddable":true,"href":"https:\/\/www.karamantoki.com\/index.php\/wp-json\/wp\/v2\/tags?post=2220"}],"curies":[{"name":"wp","href":"https:\/\/api.w.org\/{rel}","templated":true}]}}