{"id":2217,"date":"2025-10-28T06:03:31","date_gmt":"2025-10-28T06:03:31","guid":{"rendered":"https:\/\/www.karamantoki.com\/index.php\/2025\/10\/28\/konkordato-suistimali-son-bulacak-harekete-gecildi\/"},"modified":"2025-10-28T06:03:31","modified_gmt":"2025-10-28T06:03:31","slug":"konkordato-suistimali-son-bulacak-harekete-gecildi","status":"publish","type":"post","link":"https:\/\/www.karamantoki.com\/index.php\/2025\/10\/28\/konkordato-suistimali-son-bulacak-harekete-gecildi\/","title":{"rendered":"Konkordato suistimali son bulacak! Harekete ge\u00e7ildi"},"content":{"rendered":"<p><img decoding=\"async\" src=\"https:\/\/iaahbr.tmgrup.com.tr\/8e9aa2\/1200\/675\/0\/0\/1500\/843?u=https:\/\/iahbr.tmgrup.com.tr\/2025\/10\/28\/konkordato-suiistimali-son-bulacak-harekete-gecildi-1761629243084.jpeg\" alt=\"Konkordato suistimali son bulacak! Harekete ge\u00e7ildi\"><br \/>Konkordato ba\u015fvurular\u0131ndaki suistimallerin \u00f6n\u00fcne ge\u00e7mek i\u00e7in yeni ad\u0131mlar at\u0131l\u0131yor. Buna g\u00f6re, ba\u015fvurusu reddedilen firmalar, \u00f6deme plan\u0131 ya da merkez adresi de\u011fi\u015fikli\u011fi yaparak yeniden konkordato talebinde&#8230;<a href=\"https:\/\/www.ahaber.com.tr\/ekonomi\/2025\/10\/28\/konkordato-suiistimali-son-bulacak-harekete-gecildi\">Devam\u0131 i\u00e7in t\u0131klay\u0131n\u0131z<\/a><\/p>\n","protected":false},"excerpt":{"rendered":"<p>Konkordato ba\u015fvurular\u0131ndaki suistimallerin \u00f6n\u00fcne ge\u00e7mek i\u00e7in yeni ad\u0131mlar at\u0131l\u0131yor. Buna g\u00f6re, ba\u015fvurusu reddedilen firmalar, \u00f6deme plan\u0131 ya da merkez adresi de\u011fi\u015fikli\u011fi yaparak yeniden konkordato talebinde&#8230;Devam\u0131 i\u00e7in t\u0131klay\u0131n\u0131z<\/p>\n","protected":false},"author":1,"featured_media":0,"comment_status":"open","ping_status":"open","sticky":false,"template":"","format":"standard","meta":{"_joinchat":[],"footnotes":""},"categories":[32],"tags":[],"class_list":{"0":"post-2217","1":"post","2":"type-post","3":"status-publish","4":"format-standard","6":"category-ekonomi"},"_links":{"self":[{"href":"https:\/\/www.karamantoki.com\/index.php\/wp-json\/wp\/v2\/posts\/2217","targetHints":{"allow":["GET"]}}],"collection":[{"href":"https:\/\/www.karamantoki.com\/index.php\/wp-json\/wp\/v2\/posts"}],"about":[{"href":"https:\/\/www.karamantoki.com\/index.php\/wp-json\/wp\/v2\/types\/post"}],"author":[{"embeddable":true,"href":"https:\/\/www.karamantoki.com\/index.php\/wp-json\/wp\/v2\/users\/1"}],"replies":[{"embeddable":true,"href":"https:\/\/www.karamantoki.com\/index.php\/wp-json\/wp\/v2\/comments?post=2217"}],"version-history":[{"count":0,"href":"https:\/\/www.karamantoki.com\/index.php\/wp-json\/wp\/v2\/posts\/2217\/revisions"}],"wp:attachment":[{"href":"https:\/\/www.karamantoki.com\/index.php\/wp-json\/wp\/v2\/media?parent=2217"}],"wp:term":[{"taxonomy":"category","embeddable":true,"href":"https:\/\/www.karamantoki.com\/index.php\/wp-json\/wp\/v2\/categories?post=2217"},{"taxonomy":"post_tag","embeddable":true,"href":"https:\/\/www.karamantoki.com\/index.php\/wp-json\/wp\/v2\/tags?post=2217"}],"curies":[{"name":"wp","href":"https:\/\/api.w.org\/{rel}","templated":true}]}}