{"id":2213,"date":"2025-10-27T11:02:53","date_gmt":"2025-10-27T11:02:53","guid":{"rendered":"https:\/\/www.karamantoki.com\/index.php\/2025\/10\/27\/cumhurbaskani-yardimcisi-cevdet-yilmazdan-issizlik-verileriyle-ilgili-degerlendirme\/"},"modified":"2025-10-27T11:02:53","modified_gmt":"2025-10-27T11:02:53","slug":"cumhurbaskani-yardimcisi-cevdet-yilmazdan-issizlik-verileriyle-ilgili-degerlendirme","status":"publish","type":"post","link":"https:\/\/www.karamantoki.com\/index.php\/2025\/10\/27\/cumhurbaskani-yardimcisi-cevdet-yilmazdan-issizlik-verileriyle-ilgili-degerlendirme\/","title":{"rendered":"Cumhurba\u015fkan\u0131 Yard\u0131mc\u0131s\u0131 Cevdet Y\u0131lmaz&#8217;dan i\u015fsizlik verileriyle ilgili de\u011ferlendirme"},"content":{"rendered":"<p><img decoding=\"async\" src=\"https:\/\/iaahbr.tmgrup.com.tr\/0f8c1c\/1200\/675\/0\/0\/800\/449?u=https:\/\/iahbr.tmgrup.com.tr\/2025\/10\/27\/cumhurbaskani-yardimcisi-cevdet-yilmazdan-issizlik-verileriyle-ilgili-degerlendirme-1761560890774.jpeg\" alt=\"Cumhurba\u015fkan\u0131 Yard\u0131mc\u0131s\u0131 Cevdet Y\u0131lmaz'dan i\u015fsizlik verileriyle ilgili de\u011ferlendirme\"><br \/>Cumhurba\u015fkan\u0131 Yard\u0131mc\u0131s\u0131 Cevdet Y\u0131lmaz, Eyl\u00fcl 2025 d\u00f6nemine ili\u015fkin i\u015fsizlik oranlar\u0131yla ilgili de\u011ferlendirmelerde bulundu. Y\u0131lmaz, i\u015fsizlik oran\u0131n\u0131n 29 ayd\u0131r isitkrarl\u0131 bir bi\u00e7imde tek hanede oldu\u011funa&#8230;<a href=\"https:\/\/www.ahaber.com.tr\/ekonomi\/2025\/10\/27\/cumhurbaskani-yardimcisi-cevdet-yilmazdan-issizlik-verileriyle-ilgili-degerlendirme\">Devam\u0131 i\u00e7in t\u0131klay\u0131n\u0131z<\/a><\/p>\n","protected":false},"excerpt":{"rendered":"<p>Cumhurba\u015fkan\u0131 Yard\u0131mc\u0131s\u0131 Cevdet Y\u0131lmaz, Eyl\u00fcl 2025 d\u00f6nemine ili\u015fkin i\u015fsizlik oranlar\u0131yla ilgili de\u011ferlendirmelerde bulundu. Y\u0131lmaz, i\u015fsizlik oran\u0131n\u0131n 29 ayd\u0131r isitkrarl\u0131 bir bi\u00e7imde tek hanede oldu\u011funa&#8230;Devam\u0131 i\u00e7in t\u0131klay\u0131n\u0131z<\/p>\n","protected":false},"author":1,"featured_media":0,"comment_status":"open","ping_status":"open","sticky":false,"template":"","format":"standard","meta":{"_joinchat":[],"footnotes":""},"categories":[32],"tags":[],"class_list":{"0":"post-2213","1":"post","2":"type-post","3":"status-publish","4":"format-standard","6":"category-ekonomi"},"_links":{"self":[{"href":"https:\/\/www.karamantoki.com\/index.php\/wp-json\/wp\/v2\/posts\/2213","targetHints":{"allow":["GET"]}}],"collection":[{"href":"https:\/\/www.karamantoki.com\/index.php\/wp-json\/wp\/v2\/posts"}],"about":[{"href":"https:\/\/www.karamantoki.com\/index.php\/wp-json\/wp\/v2\/types\/post"}],"author":[{"embeddable":true,"href":"https:\/\/www.karamantoki.com\/index.php\/wp-json\/wp\/v2\/users\/1"}],"replies":[{"embeddable":true,"href":"https:\/\/www.karamantoki.com\/index.php\/wp-json\/wp\/v2\/comments?post=2213"}],"version-history":[{"count":0,"href":"https:\/\/www.karamantoki.com\/index.php\/wp-json\/wp\/v2\/posts\/2213\/revisions"}],"wp:attachment":[{"href":"https:\/\/www.karamantoki.com\/index.php\/wp-json\/wp\/v2\/media?parent=2213"}],"wp:term":[{"taxonomy":"category","embeddable":true,"href":"https:\/\/www.karamantoki.com\/index.php\/wp-json\/wp\/v2\/categories?post=2213"},{"taxonomy":"post_tag","embeddable":true,"href":"https:\/\/www.karamantoki.com\/index.php\/wp-json\/wp\/v2\/tags?post=2213"}],"curies":[{"name":"wp","href":"https:\/\/api.w.org\/{rel}","templated":true}]}}