{"id":2212,"date":"2025-10-27T09:03:12","date_gmt":"2025-10-27T09:03:12","guid":{"rendered":"https:\/\/www.karamantoki.com\/index.php\/2025\/10\/27\/turkiyenin-ilk-hizli-tren-fabrikasi-kuruluyor-calisma-basladi-250-kisiye-istihdam-35-milyar-tllik-katki\/"},"modified":"2025-10-27T09:03:12","modified_gmt":"2025-10-27T09:03:12","slug":"turkiyenin-ilk-hizli-tren-fabrikasi-kuruluyor-calisma-basladi-250-kisiye-istihdam-35-milyar-tllik-katki","status":"publish","type":"post","link":"https:\/\/www.karamantoki.com\/index.php\/2025\/10\/27\/turkiyenin-ilk-hizli-tren-fabrikasi-kuruluyor-calisma-basladi-250-kisiye-istihdam-35-milyar-tllik-katki\/","title":{"rendered":"T\u00fcrkiye&#8217;nin ilk h\u0131zl\u0131 tren fabrikas\u0131 kuruluyor! \u00c7al\u0131\u015fma ba\u015flad\u0131: 250 ki\u015fiye istihdam 3,5 milyar TL&#8217;lik katk\u0131"},"content":{"rendered":"<p><img decoding=\"async\" src=\"https:\/\/iaahbr.tmgrup.com.tr\/6bdf19\/1200\/675\/0\/153\/1600\/1053?u=https:\/\/iahbr.tmgrup.com.tr\/2025\/10\/27\/1761551442863.jpeg\" alt=\"T\u00fcrkiye'nin ilk h\u0131zl\u0131 tren fabrikas\u0131 kuruluyor! \u00c7al\u0131\u015fma ba\u015flad\u0131: 250 ki\u015fiye istihdam 3,5 milyar TL'lik katk\u0131\"><br \/>Sakarya&#8217;da h\u0131zl\u0131 tren \u00fcretim ve test fabrikas\u0131n\u0131n kurulumu i\u00e7in \u00e7al\u0131\u015fmalar ba\u015flad\u0131. Ula\u015ft\u0131rma ve Altyap\u0131 Bakan\u0131 Abdulkadir Uralo\u011flu, yeni kurulacak fabrika ile yakla\u015f\u0131k 250 ki\u015fiye istihdam sa\u011flanaca\u011f\u0131n\u0131&#8230;<a href=\"https:\/\/www.ahaber.com.tr\/ekonomi\/2025\/10\/27\/turkiyenin-ilk-hizli-tren-fabrikasi-kuruluyor-calisma-basladi-250-kisiye-istihdam-35-milyar-tllik-katki\">Devam\u0131 i\u00e7in t\u0131klay\u0131n\u0131z<\/a><\/p>\n","protected":false},"excerpt":{"rendered":"<p>Sakarya&#8217;da h\u0131zl\u0131 tren \u00fcretim ve test fabrikas\u0131n\u0131n kurulumu i\u00e7in \u00e7al\u0131\u015fmalar ba\u015flad\u0131. Ula\u015ft\u0131rma ve Altyap\u0131 Bakan\u0131 Abdulkadir Uralo\u011flu, yeni kurulacak fabrika ile yakla\u015f\u0131k 250 ki\u015fiye istihdam sa\u011flanaca\u011f\u0131n\u0131&#8230;Devam\u0131 i\u00e7in t\u0131klay\u0131n\u0131z<\/p>\n","protected":false},"author":1,"featured_media":0,"comment_status":"open","ping_status":"open","sticky":false,"template":"","format":"standard","meta":{"_joinchat":[],"footnotes":""},"categories":[32],"tags":[],"class_list":{"0":"post-2212","1":"post","2":"type-post","3":"status-publish","4":"format-standard","6":"category-ekonomi"},"_links":{"self":[{"href":"https:\/\/www.karamantoki.com\/index.php\/wp-json\/wp\/v2\/posts\/2212","targetHints":{"allow":["GET"]}}],"collection":[{"href":"https:\/\/www.karamantoki.com\/index.php\/wp-json\/wp\/v2\/posts"}],"about":[{"href":"https:\/\/www.karamantoki.com\/index.php\/wp-json\/wp\/v2\/types\/post"}],"author":[{"embeddable":true,"href":"https:\/\/www.karamantoki.com\/index.php\/wp-json\/wp\/v2\/users\/1"}],"replies":[{"embeddable":true,"href":"https:\/\/www.karamantoki.com\/index.php\/wp-json\/wp\/v2\/comments?post=2212"}],"version-history":[{"count":0,"href":"https:\/\/www.karamantoki.com\/index.php\/wp-json\/wp\/v2\/posts\/2212\/revisions"}],"wp:attachment":[{"href":"https:\/\/www.karamantoki.com\/index.php\/wp-json\/wp\/v2\/media?parent=2212"}],"wp:term":[{"taxonomy":"category","embeddable":true,"href":"https:\/\/www.karamantoki.com\/index.php\/wp-json\/wp\/v2\/categories?post=2212"},{"taxonomy":"post_tag","embeddable":true,"href":"https:\/\/www.karamantoki.com\/index.php\/wp-json\/wp\/v2\/tags?post=2212"}],"curies":[{"name":"wp","href":"https:\/\/api.w.org\/{rel}","templated":true}]}}