{"id":2200,"date":"2025-10-26T10:03:20","date_gmt":"2025-10-26T10:03:20","guid":{"rendered":"https:\/\/www.karamantoki.com\/index.php\/2025\/10\/26\/emeklilikte-dilekce-detayi-kazandiriyor-yuksek-aylik-icin-hesap-tablosu-olustu-4a-4b-4cliye-2025te-35-05lik-artis\/"},"modified":"2025-10-26T10:03:20","modified_gmt":"2025-10-26T10:03:20","slug":"emeklilikte-dilekce-detayi-kazandiriyor-yuksek-aylik-icin-hesap-tablosu-olustu-4a-4b-4cliye-2025te-35-05lik-artis","status":"publish","type":"post","link":"https:\/\/www.karamantoki.com\/index.php\/2025\/10\/26\/emeklilikte-dilekce-detayi-kazandiriyor-yuksek-aylik-icin-hesap-tablosu-olustu-4a-4b-4cliye-2025te-35-05lik-artis\/","title":{"rendered":"Emeklilikte dilek\u00e7e detay\u0131 kazand\u0131r\u0131yor! Y\u00fcksek ayl\u0131k i\u00e7in hesap tablosu olu\u015ftu: 4A-4B-4C&#8217;liye 2025&#8217;te 35.05&#8217;lik art\u0131\u015f&#8230;"},"content":{"rendered":"<p><img decoding=\"async\" src=\"https:\/\/iaahbr.tmgrup.com.tr\/720705\/1200\/675\/0\/30\/1280\/750?u=https:\/\/iahbr.tmgrup.com.tr\/2025\/10\/26\/emeklilikte-dilekce-detayi-kazandiriyor-yuksek-aylik-icin-hesap-tablosu-olustu-4a-4b-4cliye-2025te-3505lik-art-1761471721243.jpg\" alt=\"Emeklilikte dilek\u00e7e detay\u0131 kazand\u0131r\u0131yor! Y\u00fcksek ayl\u0131k i\u00e7in hesap tablosu olu\u015ftu: 4A-4B-4C'liye 2025'te 35.05'lik art\u0131\u015f...\"><br \/>Y\u0131l\u0131n son aylar\u0131na yakla\u015f\u0131rken, emeklilik plan\u0131 yapanlar i\u00e7in &#8220;Ne zaman dilek\u00e7e vermeliyim?&#8221; sorusu yeniden g\u00fcndemde. Enflasyon tahminleri ve ekonomik veriler, bu y\u0131l i\u00e7inde ba\u015fvuru yapman\u0131n 2026&#8217;ya sarkmaktan&#8230;<a href=\"https:\/\/www.ahaber.com.tr\/viral\/galeri\/liste\/emeklilikte-dilekce-detayi-kazandiriyor-yuksek-aylik-icin-hesap-tablosu-olustu-4a-4b-4cliye-2025te-3505lik-artis\">Devam\u0131 i\u00e7in t\u0131klay\u0131n\u0131z<\/a><\/p>\n","protected":false},"excerpt":{"rendered":"<p>Y\u0131l\u0131n son aylar\u0131na yakla\u015f\u0131rken, emeklilik plan\u0131 yapanlar i\u00e7in &#8220;Ne zaman dilek\u00e7e vermeliyim?&#8221; sorusu yeniden g\u00fcndemde. Enflasyon tahminleri ve ekonomik veriler, bu y\u0131l i\u00e7inde ba\u015fvuru yapman\u0131n 2026&#8217;ya sarkmaktan&#8230;Devam\u0131 i\u00e7in t\u0131klay\u0131n\u0131z<\/p>\n","protected":false},"author":1,"featured_media":0,"comment_status":"open","ping_status":"open","sticky":false,"template":"","format":"standard","meta":{"_joinchat":[],"footnotes":""},"categories":[32],"tags":[],"class_list":{"0":"post-2200","1":"post","2":"type-post","3":"status-publish","4":"format-standard","6":"category-ekonomi"},"_links":{"self":[{"href":"https:\/\/www.karamantoki.com\/index.php\/wp-json\/wp\/v2\/posts\/2200","targetHints":{"allow":["GET"]}}],"collection":[{"href":"https:\/\/www.karamantoki.com\/index.php\/wp-json\/wp\/v2\/posts"}],"about":[{"href":"https:\/\/www.karamantoki.com\/index.php\/wp-json\/wp\/v2\/types\/post"}],"author":[{"embeddable":true,"href":"https:\/\/www.karamantoki.com\/index.php\/wp-json\/wp\/v2\/users\/1"}],"replies":[{"embeddable":true,"href":"https:\/\/www.karamantoki.com\/index.php\/wp-json\/wp\/v2\/comments?post=2200"}],"version-history":[{"count":0,"href":"https:\/\/www.karamantoki.com\/index.php\/wp-json\/wp\/v2\/posts\/2200\/revisions"}],"wp:attachment":[{"href":"https:\/\/www.karamantoki.com\/index.php\/wp-json\/wp\/v2\/media?parent=2200"}],"wp:term":[{"taxonomy":"category","embeddable":true,"href":"https:\/\/www.karamantoki.com\/index.php\/wp-json\/wp\/v2\/categories?post=2200"},{"taxonomy":"post_tag","embeddable":true,"href":"https:\/\/www.karamantoki.com\/index.php\/wp-json\/wp\/v2\/tags?post=2200"}],"curies":[{"name":"wp","href":"https:\/\/api.w.org\/{rel}","templated":true}]}}