{"id":2190,"date":"2025-10-25T09:03:05","date_gmt":"2025-10-25T09:03:05","guid":{"rendered":"https:\/\/www.karamantoki.com\/index.php\/2025\/10\/25\/yuzyilin-konut-projesinin-detaylari-belli-oldu-iste-basvuru-sartlari-fiyatlar-ve-kotalar\/"},"modified":"2025-10-25T09:03:05","modified_gmt":"2025-10-25T09:03:05","slug":"yuzyilin-konut-projesinin-detaylari-belli-oldu-iste-basvuru-sartlari-fiyatlar-ve-kotalar","status":"publish","type":"post","link":"https:\/\/www.karamantoki.com\/index.php\/2025\/10\/25\/yuzyilin-konut-projesinin-detaylari-belli-oldu-iste-basvuru-sartlari-fiyatlar-ve-kotalar\/","title":{"rendered":"Y\u00fczy\u0131l\u0131n Konut Projesi&#8217;nin detaylar\u0131 belli oldu! \u0130\u015fte ba\u015fvuru \u015fartlar\u0131, fiyatlar ve kotalar"},"content":{"rendered":"<p><img decoding=\"async\" src=\"https:\/\/iaahbr.tmgrup.com.tr\/cb953a\/1200\/675\/76\/0\/849\/435?u=https:\/\/iahbr.tmgrup.com.tr\/2025\/10\/25\/yuzyilin-konut-projesinin-detaylari-belli-oldu-iste-basvuru-sartlari-fiyatlar-ve-kotalar-1761378769592.jpg\" alt=\"Y\u00fczy\u0131l\u0131n Konut Projesi'nin detaylar\u0131 belli oldu! \u0130\u015fte ba\u015fvuru \u015fartlar\u0131, fiyatlar ve kotalar\"><br \/>Kentsel d\u00f6n\u00fc\u015f\u00fcm uzman\u0131 Dr. Nihat \u015een, T\u00fcrkiye&#8217;nin 81 ilinde hayata ge\u00e7irilecek ve &#8220;Y\u00fczy\u0131l\u0131n Konut Projesi&#8221; olarak adland\u0131r\u0131lan 500 bin sosyal konutluk dev projenin t\u00fcm merak edilenlerini A Haber\u2019de anlatt\u0131&#8230;.<a href=\"https:\/\/www.ahaber.com.tr\/ozel-haberler\/2025\/10\/25\/yuzyilin-konut-projesinin-detaylari-belli-oldu-iste-basvuru-sartlari-fiyatlar-ve-kotalar\">Devam\u0131 i\u00e7in t\u0131klay\u0131n\u0131z<\/a><\/p>\n","protected":false},"excerpt":{"rendered":"<p>Kentsel d\u00f6n\u00fc\u015f\u00fcm uzman\u0131 Dr. Nihat \u015een, T\u00fcrkiye&#8217;nin 81 ilinde hayata ge\u00e7irilecek ve &#8220;Y\u00fczy\u0131l\u0131n Konut Projesi&#8221; olarak adland\u0131r\u0131lan 500 bin sosyal konutluk dev projenin t\u00fcm merak edilenlerini A Haber\u2019de anlatt\u0131&#8230;.Devam\u0131 i\u00e7in t\u0131klay\u0131n\u0131z<\/p>\n","protected":false},"author":1,"featured_media":0,"comment_status":"open","ping_status":"open","sticky":false,"template":"","format":"standard","meta":{"_joinchat":[],"footnotes":""},"categories":[32],"tags":[],"class_list":{"0":"post-2190","1":"post","2":"type-post","3":"status-publish","4":"format-standard","6":"category-ekonomi"},"_links":{"self":[{"href":"https:\/\/www.karamantoki.com\/index.php\/wp-json\/wp\/v2\/posts\/2190","targetHints":{"allow":["GET"]}}],"collection":[{"href":"https:\/\/www.karamantoki.com\/index.php\/wp-json\/wp\/v2\/posts"}],"about":[{"href":"https:\/\/www.karamantoki.com\/index.php\/wp-json\/wp\/v2\/types\/post"}],"author":[{"embeddable":true,"href":"https:\/\/www.karamantoki.com\/index.php\/wp-json\/wp\/v2\/users\/1"}],"replies":[{"embeddable":true,"href":"https:\/\/www.karamantoki.com\/index.php\/wp-json\/wp\/v2\/comments?post=2190"}],"version-history":[{"count":0,"href":"https:\/\/www.karamantoki.com\/index.php\/wp-json\/wp\/v2\/posts\/2190\/revisions"}],"wp:attachment":[{"href":"https:\/\/www.karamantoki.com\/index.php\/wp-json\/wp\/v2\/media?parent=2190"}],"wp:term":[{"taxonomy":"category","embeddable":true,"href":"https:\/\/www.karamantoki.com\/index.php\/wp-json\/wp\/v2\/categories?post=2190"},{"taxonomy":"post_tag","embeddable":true,"href":"https:\/\/www.karamantoki.com\/index.php\/wp-json\/wp\/v2\/tags?post=2190"}],"curies":[{"name":"wp","href":"https:\/\/api.w.org\/{rel}","templated":true}]}}