{"id":2186,"date":"2025-10-25T03:03:46","date_gmt":"2025-10-25T03:03:46","guid":{"rendered":"https:\/\/www.karamantoki.com\/index.php\/2025\/10\/25\/moodys-fransanin-kredi-notunu-negatife-cevirdi\/"},"modified":"2025-10-25T03:03:46","modified_gmt":"2025-10-25T03:03:46","slug":"moodys-fransanin-kredi-notunu-negatife-cevirdi","status":"publish","type":"post","link":"https:\/\/www.karamantoki.com\/index.php\/2025\/10\/25\/moodys-fransanin-kredi-notunu-negatife-cevirdi\/","title":{"rendered":"Moody&#8217;s Fransa&#8217;n\u0131n kredi notunu negatife \u00e7evirdi"},"content":{"rendered":"<p><img decoding=\"async\" src=\"https:\/\/iaahbr.tmgrup.com.tr\/0c3c55\/1200\/675\/0\/0\/647\/364?u=https:\/\/iahbr.tmgrup.com.tr\/2025\/10\/25\/moodys-fransanin-kredi-notunu-negatife-cevirdi-1761360386278.jpg\" alt=\"Moody's Fransa'n\u0131n kredi notunu negatife \u00e7evirdi\"><br \/>Uluslararas\u0131 derecelendirme kurulu\u015fu Moody&#8217;s, Fransa&#8217;n\u0131n kredi notunu &#8220;Aa3&#8221; olarak teyit etti\u011fini bildirirken not g\u00f6r\u00fcn\u00fcm\u00fcn\u00fc dura\u011fandan negatife \u00e7evirdi.<a href=\"https:\/\/www.ahaber.com.tr\/ekonomi\/2025\/10\/25\/moodys-fransanin-kredi-notunu-negatife-cevirdi\">Devam\u0131 i\u00e7in t\u0131klay\u0131n\u0131z<\/a><\/p>\n","protected":false},"excerpt":{"rendered":"<p>Uluslararas\u0131 derecelendirme kurulu\u015fu Moody&#8217;s, Fransa&#8217;n\u0131n kredi notunu &#8220;Aa3&#8221; olarak teyit etti\u011fini bildirirken not g\u00f6r\u00fcn\u00fcm\u00fcn\u00fc dura\u011fandan negatife \u00e7evirdi.Devam\u0131 i\u00e7in t\u0131klay\u0131n\u0131z<\/p>\n","protected":false},"author":1,"featured_media":0,"comment_status":"open","ping_status":"open","sticky":false,"template":"","format":"standard","meta":{"_joinchat":[],"footnotes":""},"categories":[32],"tags":[],"class_list":{"0":"post-2186","1":"post","2":"type-post","3":"status-publish","4":"format-standard","6":"category-ekonomi"},"_links":{"self":[{"href":"https:\/\/www.karamantoki.com\/index.php\/wp-json\/wp\/v2\/posts\/2186","targetHints":{"allow":["GET"]}}],"collection":[{"href":"https:\/\/www.karamantoki.com\/index.php\/wp-json\/wp\/v2\/posts"}],"about":[{"href":"https:\/\/www.karamantoki.com\/index.php\/wp-json\/wp\/v2\/types\/post"}],"author":[{"embeddable":true,"href":"https:\/\/www.karamantoki.com\/index.php\/wp-json\/wp\/v2\/users\/1"}],"replies":[{"embeddable":true,"href":"https:\/\/www.karamantoki.com\/index.php\/wp-json\/wp\/v2\/comments?post=2186"}],"version-history":[{"count":0,"href":"https:\/\/www.karamantoki.com\/index.php\/wp-json\/wp\/v2\/posts\/2186\/revisions"}],"wp:attachment":[{"href":"https:\/\/www.karamantoki.com\/index.php\/wp-json\/wp\/v2\/media?parent=2186"}],"wp:term":[{"taxonomy":"category","embeddable":true,"href":"https:\/\/www.karamantoki.com\/index.php\/wp-json\/wp\/v2\/categories?post=2186"},{"taxonomy":"post_tag","embeddable":true,"href":"https:\/\/www.karamantoki.com\/index.php\/wp-json\/wp\/v2\/tags?post=2186"}],"curies":[{"name":"wp","href":"https:\/\/api.w.org\/{rel}","templated":true}]}}