{"id":2174,"date":"2025-10-24T09:03:15","date_gmt":"2025-10-24T09:03:15","guid":{"rendered":"https:\/\/www.karamantoki.com\/index.php\/2025\/10\/24\/otv-matrah-degisimi-telefon-fiyatlari-dusuyor-hangi-telefonlar-ne-kadar-ucuzlayacak-indirim-beklenen-modeller\/"},"modified":"2025-10-24T09:03:15","modified_gmt":"2025-10-24T09:03:15","slug":"otv-matrah-degisimi-telefon-fiyatlari-dusuyor-hangi-telefonlar-ne-kadar-ucuzlayacak-indirim-beklenen-modeller","status":"publish","type":"post","link":"https:\/\/www.karamantoki.com\/index.php\/2025\/10\/24\/otv-matrah-degisimi-telefon-fiyatlari-dusuyor-hangi-telefonlar-ne-kadar-ucuzlayacak-indirim-beklenen-modeller\/","title":{"rendered":"\u00d6TV matrah de\u011fi\u015fimi: Telefon fiyatlar\u0131 d\u00fc\u015f\u00fcyor! Hangi telefonlar ne kadar ucuzlayacak? \u0130ndirim beklenen modeller\u2026"},"content":{"rendered":"<p><img decoding=\"async\" src=\"https:\/\/iaahbr.tmgrup.com.tr\/b41a17\/1200\/675\/0\/0\/926\/521?u=https:\/\/iahbr.tmgrup.com.tr\/2025\/10\/24\/otv-matrah-degisimi-telefon-fiyatlari-dusuyor-hangi-telefonlar-ne-kadar-ucuzlayacak-indirim-beklenen-modeller-1761293615160.jpg\" alt=\"\u00d6TV matrah de\u011fi\u015fimi: Telefon fiyatlar\u0131 d\u00fc\u015f\u00fcyor! Hangi telefonlar ne kadar ucuzlayacak? \u0130ndirim beklenen modeller\u2026\"><br \/>\u00d6TV matrah\u0131nda yap\u0131lan d\u00fczenleme sonras\u0131 baz\u0131 modellerin etiketleri yeniden \u015fekilleniyor. Ba\u015fkan Recep Tayyip Erdo\u011fan&#8217;\u0131n onay\u0131yla yay\u0131mlanan karar Resmi Gazete&#8217;de duyuruldu, telefonlardaki vergi d\u00fczenlemesi&#8230;<a href=\"https:\/\/www.ahaber.com.tr\/viral\/galeri\/liste\/otv-matrah-degisimi-telefon-fiyatlari-dusuyor-hangi-telefonlar-ne-kadar-ucuzlayacak-indirim-beklenen-modeller\">Devam\u0131 i\u00e7in t\u0131klay\u0131n\u0131z<\/a><\/p>\n","protected":false},"excerpt":{"rendered":"<p>\u00d6TV matrah\u0131nda yap\u0131lan d\u00fczenleme sonras\u0131 baz\u0131 modellerin etiketleri yeniden \u015fekilleniyor. Ba\u015fkan Recep Tayyip Erdo\u011fan&#8217;\u0131n onay\u0131yla yay\u0131mlanan karar Resmi Gazete&#8217;de duyuruldu, telefonlardaki vergi d\u00fczenlemesi&#8230;Devam\u0131 i\u00e7in t\u0131klay\u0131n\u0131z<\/p>\n","protected":false},"author":1,"featured_media":0,"comment_status":"open","ping_status":"open","sticky":false,"template":"","format":"standard","meta":{"_joinchat":[],"footnotes":""},"categories":[32],"tags":[],"class_list":{"0":"post-2174","1":"post","2":"type-post","3":"status-publish","4":"format-standard","6":"category-ekonomi"},"_links":{"self":[{"href":"https:\/\/www.karamantoki.com\/index.php\/wp-json\/wp\/v2\/posts\/2174","targetHints":{"allow":["GET"]}}],"collection":[{"href":"https:\/\/www.karamantoki.com\/index.php\/wp-json\/wp\/v2\/posts"}],"about":[{"href":"https:\/\/www.karamantoki.com\/index.php\/wp-json\/wp\/v2\/types\/post"}],"author":[{"embeddable":true,"href":"https:\/\/www.karamantoki.com\/index.php\/wp-json\/wp\/v2\/users\/1"}],"replies":[{"embeddable":true,"href":"https:\/\/www.karamantoki.com\/index.php\/wp-json\/wp\/v2\/comments?post=2174"}],"version-history":[{"count":0,"href":"https:\/\/www.karamantoki.com\/index.php\/wp-json\/wp\/v2\/posts\/2174\/revisions"}],"wp:attachment":[{"href":"https:\/\/www.karamantoki.com\/index.php\/wp-json\/wp\/v2\/media?parent=2174"}],"wp:term":[{"taxonomy":"category","embeddable":true,"href":"https:\/\/www.karamantoki.com\/index.php\/wp-json\/wp\/v2\/categories?post=2174"},{"taxonomy":"post_tag","embeddable":true,"href":"https:\/\/www.karamantoki.com\/index.php\/wp-json\/wp\/v2\/tags?post=2174"}],"curies":[{"name":"wp","href":"https:\/\/api.w.org\/{rel}","templated":true}]}}