{"id":2173,"date":"2025-10-24T08:03:20","date_gmt":"2025-10-24T08:03:20","guid":{"rendered":"https:\/\/www.karamantoki.com\/index.php\/2025\/10\/24\/tarim-ve-orman-bakanligi-15-mufettis-yardimcisi-alacak\/"},"modified":"2025-10-24T08:03:20","modified_gmt":"2025-10-24T08:03:20","slug":"tarim-ve-orman-bakanligi-15-mufettis-yardimcisi-alacak","status":"publish","type":"post","link":"https:\/\/www.karamantoki.com\/index.php\/2025\/10\/24\/tarim-ve-orman-bakanligi-15-mufettis-yardimcisi-alacak\/","title":{"rendered":"Tar\u0131m ve Orman Bakanl\u0131\u011f\u0131 15 m\u00fcfetti\u015f yard\u0131mc\u0131s\u0131 alacak"},"content":{"rendered":"<p><img decoding=\"async\" src=\"https:\/\/iaahbr.tmgrup.com.tr\/2e2bf2\/1200\/675\/0\/0\/864\/486?u=https:\/\/iahbr.tmgrup.com.tr\/2025\/10\/24\/tarim-ve-orman-bakanligi-15-mufettis-yardimcisi-alacak-1761289873260.jpeg\" alt=\"Tar\u0131m ve Orman Bakanl\u0131\u011f\u0131 15 m\u00fcfetti\u015f yard\u0131mc\u0131s\u0131 alacak\"><br \/>Tar\u0131m ve Orman Bakanl\u0131\u011f\u0131, 15 m\u00fcfetti\u015f yard\u0131mc\u0131s\u0131 istihdam edecek. Giri\u015f s\u0131navlar\u0131 \u00f6nce yaz\u0131l\u0131, ard\u0131ndan s\u00f6zl\u00fc olmak \u00fczere iki a\u015famal\u0131 olarak Ankara&#8217;da yap\u0131lacak. Yaz\u0131l\u0131 s\u0131nav, 29 Kas\u0131m&#8217;da yap\u0131lacak ve&#8230;<a href=\"https:\/\/www.ahaber.com.tr\/ekonomi\/2025\/10\/24\/tarim-ve-orman-bakanligi-15-mufettis-yardimcisi-alacak\">Devam\u0131 i\u00e7in t\u0131klay\u0131n\u0131z<\/a><\/p>\n","protected":false},"excerpt":{"rendered":"<p>Tar\u0131m ve Orman Bakanl\u0131\u011f\u0131, 15 m\u00fcfetti\u015f yard\u0131mc\u0131s\u0131 istihdam edecek. Giri\u015f s\u0131navlar\u0131 \u00f6nce yaz\u0131l\u0131, ard\u0131ndan s\u00f6zl\u00fc olmak \u00fczere iki a\u015famal\u0131 olarak Ankara&#8217;da yap\u0131lacak. Yaz\u0131l\u0131 s\u0131nav, 29 Kas\u0131m&#8217;da yap\u0131lacak ve&#8230;Devam\u0131 i\u00e7in t\u0131klay\u0131n\u0131z<\/p>\n","protected":false},"author":1,"featured_media":0,"comment_status":"open","ping_status":"open","sticky":false,"template":"","format":"standard","meta":{"_joinchat":[],"footnotes":""},"categories":[32],"tags":[],"class_list":{"0":"post-2173","1":"post","2":"type-post","3":"status-publish","4":"format-standard","6":"category-ekonomi"},"_links":{"self":[{"href":"https:\/\/www.karamantoki.com\/index.php\/wp-json\/wp\/v2\/posts\/2173","targetHints":{"allow":["GET"]}}],"collection":[{"href":"https:\/\/www.karamantoki.com\/index.php\/wp-json\/wp\/v2\/posts"}],"about":[{"href":"https:\/\/www.karamantoki.com\/index.php\/wp-json\/wp\/v2\/types\/post"}],"author":[{"embeddable":true,"href":"https:\/\/www.karamantoki.com\/index.php\/wp-json\/wp\/v2\/users\/1"}],"replies":[{"embeddable":true,"href":"https:\/\/www.karamantoki.com\/index.php\/wp-json\/wp\/v2\/comments?post=2173"}],"version-history":[{"count":0,"href":"https:\/\/www.karamantoki.com\/index.php\/wp-json\/wp\/v2\/posts\/2173\/revisions"}],"wp:attachment":[{"href":"https:\/\/www.karamantoki.com\/index.php\/wp-json\/wp\/v2\/media?parent=2173"}],"wp:term":[{"taxonomy":"category","embeddable":true,"href":"https:\/\/www.karamantoki.com\/index.php\/wp-json\/wp\/v2\/categories?post=2173"},{"taxonomy":"post_tag","embeddable":true,"href":"https:\/\/www.karamantoki.com\/index.php\/wp-json\/wp\/v2\/tags?post=2173"}],"curies":[{"name":"wp","href":"https:\/\/api.w.org\/{rel}","templated":true}]}}