{"id":2163,"date":"2025-10-23T08:02:40","date_gmt":"2025-10-23T08:02:40","guid":{"rendered":"https:\/\/www.karamantoki.com\/index.php\/2025\/10\/23\/toki-500-bin-kiralik-konut-basvurulari-basladi-mi-son-durum-ne-toki-kiralik-konut-kampanyasina-kimler-basvurabilecek-gozler-yarinda\/"},"modified":"2025-10-23T08:02:40","modified_gmt":"2025-10-23T08:02:40","slug":"toki-500-bin-kiralik-konut-basvurulari-basladi-mi-son-durum-ne-toki-kiralik-konut-kampanyasina-kimler-basvurabilecek-gozler-yarinda","status":"publish","type":"post","link":"https:\/\/www.karamantoki.com\/index.php\/2025\/10\/23\/toki-500-bin-kiralik-konut-basvurulari-basladi-mi-son-durum-ne-toki-kiralik-konut-kampanyasina-kimler-basvurabilecek-gozler-yarinda\/","title":{"rendered":"TOK\u0130 500 bin kiral\u0131k konut ba\u015fvurular\u0131 ba\u015flad\u0131 m\u0131, son durum ne? TOK\u0130 kiral\u0131k konut kampanyas\u0131na kimler ba\u015fvurabilecek? G\u00f6zler yar\u0131nda&#8230;"},"content":{"rendered":"<p><img decoding=\"async\" src=\"https:\/\/iaahbr.tmgrup.com.tr\/9cbf82\/1200\/675\/0\/0\/2048\/1152?u=https:\/\/iahbr.tmgrup.com.tr\/2025\/10\/23\/toki-500-bin-kiralik-konut-basvurulari-basladi-mi-son-durum-ne-toki-kiralik-konut-kampanyasina-kimler-basvurab-1761203553920.jpg\" alt=\"TOK\u0130 500 bin kiral\u0131k konut ba\u015fvurular\u0131 ba\u015flad\u0131 m\u0131, son durum ne? TOK\u0130 kiral\u0131k konut kampanyas\u0131na kimler ba\u015fvurabilecek? G\u00f6zler yar\u0131nda...\"><br \/>Ba\u015fka Recep Tayyip Erdo\u011fan, ge\u00e7ti\u011fimiz g\u00fcnlerde 81 ilde hayata ge\u00e7irilecek &#8220;Y\u00fczy\u0131l\u0131n Konut Projesi&#8221; i\u00e7in d\u00fc\u011fmeye bas\u0131ld\u0131\u011f\u0131n\u0131 a\u00e7\u0131klad\u0131. Toplu Konut \u0130daresi (TOK\u0130) \u00f6nc\u00fcl\u00fc\u011f\u00fcnde y\u00fcr\u00fct\u00fclecek proje kapsam\u0131nda&#8230;<a href=\"https:\/\/www.ahaber.com.tr\/viral\/galeri\/liste\/toki-500-bin-kiralik-konut-basvurulari-basladi-mi-son-durum-ne-toki-kiralik-konut-kampanyasina-kimler-basvurabilecek\">Devam\u0131 i\u00e7in t\u0131klay\u0131n\u0131z<\/a><\/p>\n","protected":false},"excerpt":{"rendered":"<p>Ba\u015fka Recep Tayyip Erdo\u011fan, ge\u00e7ti\u011fimiz g\u00fcnlerde 81 ilde hayata ge\u00e7irilecek &#8220;Y\u00fczy\u0131l\u0131n Konut Projesi&#8221; i\u00e7in d\u00fc\u011fmeye bas\u0131ld\u0131\u011f\u0131n\u0131 a\u00e7\u0131klad\u0131. Toplu Konut \u0130daresi (TOK\u0130) \u00f6nc\u00fcl\u00fc\u011f\u00fcnde y\u00fcr\u00fct\u00fclecek proje kapsam\u0131nda&#8230;Devam\u0131 i\u00e7in t\u0131klay\u0131n\u0131z<\/p>\n","protected":false},"author":1,"featured_media":0,"comment_status":"open","ping_status":"open","sticky":false,"template":"","format":"standard","meta":{"_joinchat":[],"footnotes":""},"categories":[32],"tags":[],"class_list":{"0":"post-2163","1":"post","2":"type-post","3":"status-publish","4":"format-standard","6":"category-ekonomi"},"_links":{"self":[{"href":"https:\/\/www.karamantoki.com\/index.php\/wp-json\/wp\/v2\/posts\/2163","targetHints":{"allow":["GET"]}}],"collection":[{"href":"https:\/\/www.karamantoki.com\/index.php\/wp-json\/wp\/v2\/posts"}],"about":[{"href":"https:\/\/www.karamantoki.com\/index.php\/wp-json\/wp\/v2\/types\/post"}],"author":[{"embeddable":true,"href":"https:\/\/www.karamantoki.com\/index.php\/wp-json\/wp\/v2\/users\/1"}],"replies":[{"embeddable":true,"href":"https:\/\/www.karamantoki.com\/index.php\/wp-json\/wp\/v2\/comments?post=2163"}],"version-history":[{"count":0,"href":"https:\/\/www.karamantoki.com\/index.php\/wp-json\/wp\/v2\/posts\/2163\/revisions"}],"wp:attachment":[{"href":"https:\/\/www.karamantoki.com\/index.php\/wp-json\/wp\/v2\/media?parent=2163"}],"wp:term":[{"taxonomy":"category","embeddable":true,"href":"https:\/\/www.karamantoki.com\/index.php\/wp-json\/wp\/v2\/categories?post=2163"},{"taxonomy":"post_tag","embeddable":true,"href":"https:\/\/www.karamantoki.com\/index.php\/wp-json\/wp\/v2\/tags?post=2163"}],"curies":[{"name":"wp","href":"https:\/\/api.w.org\/{rel}","templated":true}]}}