{"id":2157,"date":"2025-10-22T08:02:39","date_gmt":"2025-10-22T08:02:39","guid":{"rendered":"https:\/\/www.karamantoki.com\/index.php\/2025\/10\/22\/asgari-ucrette-zam-trafigi-basladi-22-104-tl-alan-calisana-4-formullu-artis-hesabi-%25-30-35-40-isci-ne-kadar-alacak\/"},"modified":"2025-10-22T08:02:39","modified_gmt":"2025-10-22T08:02:39","slug":"asgari-ucrette-zam-trafigi-basladi-22-104-tl-alan-calisana-4-formullu-artis-hesabi-%25-30-35-40-isci-ne-kadar-alacak","status":"publish","type":"post","link":"https:\/\/www.karamantoki.com\/index.php\/2025\/10\/22\/asgari-ucrette-zam-trafigi-basladi-22-104-tl-alan-calisana-4-formullu-artis-hesabi-%25-30-35-40-isci-ne-kadar-alacak\/","title":{"rendered":"Asgari \u00fccrette zam trafi\u011fi ba\u015flad\u0131! 22.104 TL alan \u00e7al\u0131\u015fana 4 form\u00fcll\u00fc art\u0131\u015f hesab\u0131: %25-30-35-40&#8230; \u0130\u015f\u00e7i ne kadar alacak?"},"content":{"rendered":"<p><img decoding=\"async\" src=\"https:\/\/iaahbr.tmgrup.com.tr\/e2b80b\/1200\/675\/0\/23\/724\/430?u=https:\/\/iahbr.tmgrup.com.tr\/2025\/10\/22\/asgari-ucrette-zam-trafigi-basladi-22104-tl-alan-calisana-4-formullu-artis-hesabi-25-30-35-40-isci-ne-kadar-al-1761117574077.jpg\" alt=\"Asgari \u00fccrette zam trafi\u011fi ba\u015flad\u0131! 22.104 TL alan \u00e7al\u0131\u015fana 4 form\u00fcll\u00fc art\u0131\u015f hesab\u0131: %25-30-35-40... \u0130\u015f\u00e7i ne kadar alacak?\"><br \/>T\u00fcrkiye genelinde milyonlarca \u00e7al\u0131\u015fan\u0131n merakla bekledi\u011fi asgari \u00fccret zamm\u0131 i\u00e7in s\u00fcre\u00e7 resmen ba\u015flad\u0131. \u0130\u015f\u00e7i, i\u015fveren ve h\u00fck\u00fcmet temsilcileri, yeni d\u00f6nem \u00fccret art\u0131\u015f\u0131n\u0131 g\u00f6r\u00fc\u015fmek \u00fczere ilk kez \u00dc\u00e7l\u00fc Dan\u0131\u015fma&#8230;<a href=\"https:\/\/www.ahaber.com.tr\/viral\/galeri\/liste\/asgari-ucrette-zam-trafigi-basladi-22104-tl-alan-calisana-4-formullu-artis-hesabi-yuzde-25-30-35-40-isci-ne-kadar-alacak\">Devam\u0131 i\u00e7in t\u0131klay\u0131n\u0131z<\/a><\/p>\n","protected":false},"excerpt":{"rendered":"<p>T\u00fcrkiye genelinde milyonlarca \u00e7al\u0131\u015fan\u0131n merakla bekledi\u011fi asgari \u00fccret zamm\u0131 i\u00e7in s\u00fcre\u00e7 resmen ba\u015flad\u0131. \u0130\u015f\u00e7i, i\u015fveren ve h\u00fck\u00fcmet temsilcileri, yeni d\u00f6nem \u00fccret art\u0131\u015f\u0131n\u0131 g\u00f6r\u00fc\u015fmek \u00fczere ilk kez \u00dc\u00e7l\u00fc Dan\u0131\u015fma&#8230;Devam\u0131 i\u00e7in t\u0131klay\u0131n\u0131z<\/p>\n","protected":false},"author":1,"featured_media":0,"comment_status":"open","ping_status":"open","sticky":false,"template":"","format":"standard","meta":{"_joinchat":[],"footnotes":""},"categories":[32],"tags":[],"class_list":{"0":"post-2157","1":"post","2":"type-post","3":"status-publish","4":"format-standard","6":"category-ekonomi"},"_links":{"self":[{"href":"https:\/\/www.karamantoki.com\/index.php\/wp-json\/wp\/v2\/posts\/2157","targetHints":{"allow":["GET"]}}],"collection":[{"href":"https:\/\/www.karamantoki.com\/index.php\/wp-json\/wp\/v2\/posts"}],"about":[{"href":"https:\/\/www.karamantoki.com\/index.php\/wp-json\/wp\/v2\/types\/post"}],"author":[{"embeddable":true,"href":"https:\/\/www.karamantoki.com\/index.php\/wp-json\/wp\/v2\/users\/1"}],"replies":[{"embeddable":true,"href":"https:\/\/www.karamantoki.com\/index.php\/wp-json\/wp\/v2\/comments?post=2157"}],"version-history":[{"count":0,"href":"https:\/\/www.karamantoki.com\/index.php\/wp-json\/wp\/v2\/posts\/2157\/revisions"}],"wp:attachment":[{"href":"https:\/\/www.karamantoki.com\/index.php\/wp-json\/wp\/v2\/media?parent=2157"}],"wp:term":[{"taxonomy":"category","embeddable":true,"href":"https:\/\/www.karamantoki.com\/index.php\/wp-json\/wp\/v2\/categories?post=2157"},{"taxonomy":"post_tag","embeddable":true,"href":"https:\/\/www.karamantoki.com\/index.php\/wp-json\/wp\/v2\/tags?post=2157"}],"curies":[{"name":"wp","href":"https:\/\/api.w.org\/{rel}","templated":true}]}}