{"id":2143,"date":"2025-10-20T20:03:01","date_gmt":"2025-10-20T20:03:01","guid":{"rendered":"https:\/\/www.karamantoki.com\/index.php\/2025\/10\/20\/doviz-yatirimcilari-yon-mu-degistirdi-altinda-sert-yukselis-neyin-habercisi-uzman-isim-acikladi\/"},"modified":"2025-10-20T20:03:01","modified_gmt":"2025-10-20T20:03:01","slug":"doviz-yatirimcilari-yon-mu-degistirdi-altinda-sert-yukselis-neyin-habercisi-uzman-isim-acikladi","status":"publish","type":"post","link":"https:\/\/www.karamantoki.com\/index.php\/2025\/10\/20\/doviz-yatirimcilari-yon-mu-degistirdi-altinda-sert-yukselis-neyin-habercisi-uzman-isim-acikladi\/","title":{"rendered":"D\u00f6viz yat\u0131r\u0131mc\u0131lar\u0131 y\u00f6n m\u00fc de\u011fi\u015ftirdi? Alt\u0131nda sert y\u00fckseli\u015f neyin habercisi? Uzman isim a\u00e7\u0131klad\u0131"},"content":{"rendered":"<p><img decoding=\"async\" src=\"https:\/\/iaahbr.tmgrup.com.tr\/0657dc\/1200\/675\/125\/0\/1091\/544?u=https:\/\/iahbr.tmgrup.com.tr\/2025\/10\/20\/doviz-yatirimcilari-yon-mu-degistirdi-guvenli-liman-altin-yine-rekorlar-kiriyor-1760988498879.jpg\" alt=\"D\u00f6viz yat\u0131r\u0131mc\u0131lar\u0131 y\u00f6n m\u00fc de\u011fi\u015ftirdi? Alt\u0131nda sert y\u00fckseli\u015f neyin habercisi? Uzman isim a\u00e7\u0131klad\u0131\"><br \/>Son g\u00fcnlerde rekordan rekora ko\u015fan alt\u0131n yat\u0131r\u0131mc\u0131lar\u0131 kendine \u00e7ekerken d\u00f6vize olan talebin ne durumda oldu\u011fu merak konusu oldu.30 y\u0131ld\u0131r kuyumculuk i\u015fiyle u\u011fra\u015fan Faruk Mamik, d\u00f6vize olan talebin son&#8230;<a href=\"https:\/\/www.ahaber.com.tr\/ekonomi\/2025\/10\/20\/doviz-yatirimcilari-yon-mu-degistirdi-altinda-sert-yukselis-neyin-habercisi-uzman-isim-acikladi\">Devam\u0131 i\u00e7in t\u0131klay\u0131n\u0131z<\/a><\/p>\n","protected":false},"excerpt":{"rendered":"<p>Son g\u00fcnlerde rekordan rekora ko\u015fan alt\u0131n yat\u0131r\u0131mc\u0131lar\u0131 kendine \u00e7ekerken d\u00f6vize olan talebin ne durumda oldu\u011fu merak konusu oldu.30 y\u0131ld\u0131r kuyumculuk i\u015fiyle u\u011fra\u015fan Faruk Mamik, d\u00f6vize olan talebin son&#8230;Devam\u0131 i\u00e7in t\u0131klay\u0131n\u0131z<\/p>\n","protected":false},"author":1,"featured_media":0,"comment_status":"open","ping_status":"open","sticky":false,"template":"","format":"standard","meta":{"_joinchat":[],"footnotes":""},"categories":[32],"tags":[],"class_list":{"0":"post-2143","1":"post","2":"type-post","3":"status-publish","4":"format-standard","6":"category-ekonomi"},"_links":{"self":[{"href":"https:\/\/www.karamantoki.com\/index.php\/wp-json\/wp\/v2\/posts\/2143","targetHints":{"allow":["GET"]}}],"collection":[{"href":"https:\/\/www.karamantoki.com\/index.php\/wp-json\/wp\/v2\/posts"}],"about":[{"href":"https:\/\/www.karamantoki.com\/index.php\/wp-json\/wp\/v2\/types\/post"}],"author":[{"embeddable":true,"href":"https:\/\/www.karamantoki.com\/index.php\/wp-json\/wp\/v2\/users\/1"}],"replies":[{"embeddable":true,"href":"https:\/\/www.karamantoki.com\/index.php\/wp-json\/wp\/v2\/comments?post=2143"}],"version-history":[{"count":0,"href":"https:\/\/www.karamantoki.com\/index.php\/wp-json\/wp\/v2\/posts\/2143\/revisions"}],"wp:attachment":[{"href":"https:\/\/www.karamantoki.com\/index.php\/wp-json\/wp\/v2\/media?parent=2143"}],"wp:term":[{"taxonomy":"category","embeddable":true,"href":"https:\/\/www.karamantoki.com\/index.php\/wp-json\/wp\/v2\/categories?post=2143"},{"taxonomy":"post_tag","embeddable":true,"href":"https:\/\/www.karamantoki.com\/index.php\/wp-json\/wp\/v2\/tags?post=2143"}],"curies":[{"name":"wp","href":"https:\/\/api.w.org\/{rel}","templated":true}]}}